{"id":1573,"date":"2023-05-08T02:17:41","date_gmt":"2023-05-08T00:17:41","guid":{"rendered":"https:\/\/www.clarum-services.com\/?p=1573"},"modified":"2023-05-08T04:56:50","modified_gmt":"2023-05-08T02:56:50","slug":"la-proprete-des-locaux-professionnels-un-enjeu-majeur-pour-limage-de-lentreprise","status":"publish","type":"post","link":"https:\/\/www.clarum-services.com\/index.php\/2023\/05\/08\/la-proprete-des-locaux-professionnels-un-enjeu-majeur-pour-limage-de-lentreprise\/","title":{"rendered":"La propret\u00e9 des locaux professionnels : un enjeu majeur pour l&rsquo;image de l&rsquo;entreprise"},"content":{"rendered":"\n<div class=\"wp-block-qubely-row qubely-section qubely-block-b08d6c\"><div class=\"qubely-row-overlay\"><\/div><div class=\"qubely-container\"><div class=\"qubely-row \">\n<div class=\"wp-block-qubely-column qubely-column qubely-column-front qubely-block-a9aafb\"><div class=\"qubely-column-inner\">\n<div class=\"wp-block-qubely-text qubely-block-abc5f3\"><div class=\"qubely-block-text  \"><div class=\"qubely-block-text-title-container  qubely-separator-position-top\"><div class=\"qubely-block-text-title-inner\"><h6 class=\"qubely-block-text-title\">Un enjeu majeur pour l&rsquo;image de l&rsquo;entreprise<\/h6><\/div><\/div><p>La propret\u00e9 des locaux professionnels est un enjeu majeur pour l&rsquo;image de l&rsquo;entreprise. En effet, l&rsquo;\u00e9tat de propret\u00e9 des locaux a un impact direct sur la perception que les clients, les collaborateurs et les partenaires ont de l&rsquo;entreprise. Ainsi, <strong>il est indispensable de mettre en place une politique de propret\u00e9 rigoureuse<\/strong> pour garantir un environnement de travail sain et agr\u00e9able pour tous.<\/p><\/div><\/div>\n<\/div><\/div>\n<\/div><\/div><\/div>\n\n\n\n<div class=\"wp-block-columns is-layout-flex wp-container-core-columns-is-layout-995f960e wp-block-columns-is-layout-flex\">\n<div class=\"wp-block-column is-layout-flow wp-block-column-is-layout-flow\" style=\"flex-basis:100%\">\n<div class=\"wp-block-qubely-row qubely-section qubely-block-a958ad\"><div class=\"qubely-row-overlay\"><\/div><div class=\"qubely-container\"><div class=\"qubely-row \">\n<div class=\"wp-block-qubely-column qubely-column qubely-column-front qubely-block-ee3022\"><div class=\"qubely-column-inner\"><\/div><\/div>\n<\/div><\/div><\/div>\n<\/div>\n<\/div>\n\n\n\n<div class=\"wp-block-qubely-row qubely-section qubely-block-fe83ca\"><div class=\"qubely-row-overlay\"><\/div><div class=\"qubely-container\"><div class=\"qubely-row \">\n<div class=\"wp-block-qubely-column qubely-column qubely-column-front qubely-block-1ca435\"><div class=\"qubely-column-inner\">\n<div class=\"wp-block-qubely-text qubely-block-c4d435\"><div class=\"qubely-block-text  \"><div class=\"qubely-block-text-title-container  qubely-separator-position-top\"><div class=\"qubely-block-text-title-inner\"><h6 class=\"qubely-block-text-title\">Un facteur cl\u00e9 pour le bien-\u00eatre des employ\u00e9s<\/h6><\/div><\/div><p>La propret\u00e9 est un crit\u00e8re essentiel dans la gestion des locaux professionnels. Elle est non seulement une question d\u2019hygi\u00e8ne et de sant\u00e9 publique, mais elle est aussi un facteur cl\u00e9 pour le bien-\u00eatre et la productivit\u00e9 des employ\u00e9s. Selon une \u00e9tude de la F\u00e9d\u00e9ration des Entreprises de Propret\u00e9 (FEP), <strong>95% des salari\u00e9s estiment que la propret\u00e9 de leur lieu de travail est importante<\/strong>, voire tr\u00e8s importante, pour leur bien-\u00eatre et leur sant\u00e9.<\/p><\/div><\/div>\n<\/div><\/div>\n<\/div><\/div><\/div>\n\n\n\n<div class=\"wp-block-qubely-row qubely-section qubely-block-78015f\"><div class=\"qubely-row-overlay\"><\/div><div class=\"qubely-container\"><div class=\"qubely-row \">\n<div class=\"wp-block-qubely-column qubely-column qubely-column-front qubely-block-e3f4ca\"><div class=\"qubely-column-inner\">\n<div class=\"wp-block-qubely-text qubely-block-1da373\"><div class=\"qubely-block-text  \"><div class=\"qubely-block-text-title-container  qubely-separator-position-top\"><div class=\"qubely-block-text-title-inner\"><h6 class=\"qubely-block-text-title\"><\/h6><\/div><\/div><p>Pourtant, la propret\u00e9 des locaux professionnels n\u2019est pas toujours optimale. Selon la m\u00eame \u00e9tude, plus de la moiti\u00e9 des salari\u00e9s (51%) ont d\u00e9j\u00e0 constat\u00e9 une baisse de la qualit\u00e9 de la propret\u00e9 dans leur entreprise. Cette insatisfaction peut avoir des cons\u00e9quences importantes, comme une augmentation de l\u2019absent\u00e9isme, une baisse de la motivation et de la productivit\u00e9 des employ\u00e9s, voire une d\u00e9t\u00e9rioration de l\u2019image de l\u2019entreprise aupr\u00e8s des clients.<\/p><\/div><\/div>\n<\/div><\/div>\n<\/div><\/div><\/div>\n\n\n\n<div class=\"wp-block-qubely-row qubely-section qubely-block-4f6e05\"><div class=\"qubely-row-overlay\"><\/div><div class=\"qubely-container\"><div class=\"qubely-row \">\n<div class=\"wp-block-qubely-column qubely-column qubely-column-front qubely-block-96f2ec\"><div class=\"qubely-column-inner\">\n<div class=\"wp-block-qubely-text qubely-block-e2ab38\"><div class=\"qubely-block-text  \"><div class=\"qubely-block-text-title-container  qubely-separator-position-top\"><div class=\"qubely-block-text-title-inner\"><h2 class=\"qubely-block-text-title\">Mettre en place une strat\u00e9gie<br><\/h2><\/div><\/div><p>Pour rem\u00e9dier \u00e0 cette situation,<strong> il est essentiel de mettre en place une strat\u00e9gie efficace <\/strong>de gestion de la propret\u00e9 des locaux professionnels. Tout d&rsquo;abord, il est important de r\u00e9aliser <strong>une analyse pr\u00e9cise des besoins de l\u2019entreprise <\/strong>et d\u2019adapter les prestations de nettoyage en cons\u00e9quence. Les entreprises peuvent opter pour un nettoyage quotidien ou hebdomadaire, selon leur activit\u00e9, le nombre de salari\u00e9s, et la fr\u00e9quentation des locaux. Il est \u00e9galement important de pr\u00e9voir des prestations sp\u00e9cifiques pour les sanitaires, les sols, les vitres, et les espaces communs.<\/p><\/div><\/div>\n<\/div><\/div>\n<\/div><\/div><\/div>\n\n\n\n<div class=\"wp-block-qubely-row qubely-section qubely-block-d84c55\"><div class=\"qubely-row-overlay\"><\/div><div class=\"qubely-container\"><div class=\"qubely-row \">\n<div class=\"wp-block-qubely-column qubely-column qubely-column-front qubely-block-61a375\"><div class=\"qubely-column-inner\">\n<div class=\"wp-block-qubely-text qubely-block-49767c\"><div class=\"qubely-block-text  \"><div class=\"qubely-block-text-title-container  qubely-separator-position-top\"><div class=\"qubely-block-text-title-inner\"><h2 class=\"qubely-block-text-title\">En conclusion<br><\/h2><\/div><\/div><p>En somme, la propret\u00e9 des locaux professionnels est un aspect crucial \u00e0 ne pas n\u00e9gliger pour de nombreuses raisons. <strong>Elle impacte la sant\u00e9 et le bien-\u00eatre des employ\u00e9s<\/strong>, l&rsquo;image de l&rsquo;entreprise aupr\u00e8s des clients, ainsi que la productivit\u00e9 et la motivation du personnel. De plus, la propret\u00e9 est d\u00e9sormais un enjeu important en termes de d\u00e9veloppement durable et de responsabilit\u00e9 soci\u00e9tale des entreprises. Faire appel \u00e0 des professionnels de la propret\u00e9, tels que Clarum Services, permet de garantir <strong>des prestations de qualit\u00e9 et d&rsquo;assurer la propret\u00e9 des locaux de mani\u00e8re r\u00e9guli\u00e8re et professionnelle.<\/strong><br><br>Nos \u00e9quipes de professionnels qualifi\u00e9s sont form\u00e9es pour effectuer des t\u00e2ches de nettoyage et d&rsquo;entretien dans le respect des normes de s\u00e9curit\u00e9 et d&rsquo;hygi\u00e8ne en vigueur. Nous sommes \u00e9galement <strong>\u00e9quip\u00e9s pour intervenir en cas de situations d&rsquo;urgence<\/strong>, telles que des d\u00e9g\u00e2ts des eaux ou des incendies. Nous sommes convaincus que la propret\u00e9 de vos locaux professionnels est un \u00e9l\u00e9ment essentiel de votre image de marque, et nous mettons tout en \u0153uvre pour vous offrir un service de qualit\u00e9 sup\u00e9rieure.<\/p><\/div><\/div>\n<\/div><\/div>\n<\/div><\/div><\/div>\n\n\n\n<div class=\"wp-block-qubely-row qubely-section qubely-block-9208d7\"><div class=\"qubely-row-overlay\"><\/div><div class=\"qubely-container\"><div class=\"qubely-row \">\n<div class=\"wp-block-qubely-column qubely-column qubely-column-front qubely-block-519f16\"><div class=\"qubely-column-inner\">\n<div class=\"wp-block-qubely-infobox qubely-block-73a749\"><div class=\"qubely-block-info-box  qubely-info-box-layout-2\"><div class=\"qubely-info-box-media qubely-media-has-bg\"><i class=\"qubely-info-box-icon fas fa-align-left\"><\/i><\/div><div class=\"qubely-info-box-body\"><div class=\"qubely-info-box-title-container  qubely-separator-position-top\"><div class=\"qubely-info-box-title-inner\"><h2 class=\"qubely-info-box-title\">Analyse approfondie<\/h2><\/div><\/div><div class=\"qubely-info-box-content\"><div class=\"qubely-info-box-text\">Nous proc\u00e9dons \u00e0 une analyse d\u00e9taill\u00e9e de vos locaux professionnels pour comprendre les sp\u00e9cificit\u00e9s de votre activit\u00e9 et les besoins en mati\u00e8re de nettoyage. Nous d\u00e9terminons \u00e9galement les zones \u00e0 risque, les besoins en produits et \u00e9quipements sp\u00e9cifiques, ainsi que les horaires et les p\u00e9riodicit\u00e9s adapt\u00e9es \u00e0 vos besoins.<\/div><\/div><\/div><\/div><\/div>\n<\/div><\/div>\n<\/div><\/div><\/div>\n\n\n\n<div class=\"wp-block-qubely-row qubely-section qubely-block-753c2d\"><div class=\"qubely-row-overlay\"><\/div><div class=\"qubely-container\"><div class=\"qubely-row \">\n<div class=\"wp-block-qubely-column qubely-column qubely-column-front qubely-block-aaf82f\"><div class=\"qubely-column-inner\">\n<div class=\"wp-block-qubely-infobox qubely-block-3a6ac1\"><div class=\"qubely-block-info-box  qubely-info-box-layout-2\"><div class=\"qubely-info-box-media qubely-media-has-bg\"><i class=\"qubely-info-box-icon fas fa-bars\"><\/i><\/div><div class=\"qubely-info-box-body\"><div class=\"qubely-info-box-title-container  qubely-separator-position-top\"><div class=\"qubely-info-box-title-inner\"><h2 class=\"qubely-info-box-title\">Planification rigoureuse<\/h2><\/div><\/div><div class=\"qubely-info-box-content\"><div class=\"qubely-info-box-text\">Nous \u00e9laborons ensuite un plan de nettoyage sur mesure, tenant compte des sp\u00e9cificit\u00e9s identifi\u00e9es lors de l&rsquo;analyse. Nous planifions \u00e9galement les p\u00e9riodicit\u00e9s des diff\u00e9rentes prestations et d\u00e9finissons un calendrier de travail pr\u00e9cis.<\/div><\/div><\/div><\/div><\/div>\n<\/div><\/div>\n<\/div><\/div><\/div>\n\n\n\n<div class=\"wp-block-qubely-row qubely-section qubely-block-b5e666\"><div class=\"qubely-row-overlay\"><\/div><div class=\"qubely-container\"><div class=\"qubely-row \">\n<div class=\"wp-block-qubely-column qubely-column qubely-column-front qubely-block-f9fd8a\"><div class=\"qubely-column-inner\">\n<div class=\"wp-block-qubely-infobox qubely-block-867f04\"><div class=\"qubely-block-info-box  qubely-info-box-layout-2\"><div class=\"qubely-info-box-media qubely-media-has-bg\"><i class=\"qubely-info-box-icon fas fa-file\"><\/i><\/div><div class=\"qubely-info-box-body\"><div class=\"qubely-info-box-title-container  qubely-separator-position-top\"><div class=\"qubely-info-box-title-inner\"><h2 class=\"qubely-info-box-title\">Recrutement et formation<\/h2><\/div><\/div><div class=\"qubely-info-box-content\"><div class=\"qubely-info-box-text\">Nous recrutons des professionnels qualifi\u00e9s et exp\u00e9riment\u00e9s pour notre \u00e9quipe de nettoyage. Nous leur offrons \u00e9galement une formation r\u00e9guli\u00e8re pour s&rsquo;assurer qu&rsquo;ils ma\u00eetrisent les derni\u00e8res techniques de nettoyage et qu&rsquo;ils sont en mesure de respecter les normes de s\u00e9curit\u00e9.<\/div><\/div><\/div><\/div><\/div>\n<\/div><\/div>\n<\/div><\/div><\/div>\n\n\n\n<div class=\"wp-block-qubely-row qubely-section qubely-block-9d64b7\"><div class=\"qubely-row-overlay\"><\/div><div class=\"qubely-container\"><div class=\"qubely-row \">\n<div class=\"wp-block-qubely-column qubely-column qubely-column-front qubely-block-b3fcb2\"><div class=\"qubely-column-inner\">\n<div class=\"wp-block-qubely-infobox qubely-block-50c288\"><div class=\"qubely-block-info-box  qubely-info-box-layout-2\"><div class=\"qubely-info-box-media qubely-media-has-bg\"><i class=\"qubely-info-box-icon fas fa-spray-can\"><\/i><\/div><div class=\"qubely-info-box-body\"><div class=\"qubely-info-box-title-container  qubely-separator-position-top\"><div class=\"qubely-info-box-title-inner\"><h2 class=\"qubely-info-box-title\">Mat\u00e9riel et produit de qualit\u00e9<\/h2><\/div><\/div><div class=\"qubely-info-box-content\"><div class=\"qubely-info-box-text\">Nous utilisons uniquement des produits et des \u00e9quipements de nettoyage de qualit\u00e9 sup\u00e9rieure, certifi\u00e9s et respectueux de l&rsquo;environnement. Nous effectuons \u00e9galement une veille technologique constante pour nous assurer que nous utilisons les derni\u00e8res innovations en mati\u00e8re de nettoyage.<\/div><\/div><\/div><\/div><\/div>\n<\/div><\/div>\n<\/div><\/div><\/div>\n\n\n\n<div class=\"wp-block-qubely-row qubely-section qubely-block-50b043\"><div class=\"qubely-row-overlay\"><\/div><div class=\"qubely-container\"><div class=\"qubely-row \">\n<div class=\"wp-block-qubely-column qubely-column qubely-column-front qubely-block-10e8dd\"><div class=\"qubely-column-inner\">\n<div class=\"wp-block-qubely-infobox qubely-block-7e22e3\"><div class=\"qubely-block-info-box  qubely-info-box-layout-2\"><div class=\"qubely-info-box-media qubely-media-has-bg\"><i class=\"qubely-info-box-icon fas fa-laugh\"><\/i><\/div><div class=\"qubely-info-box-body\"><div class=\"qubely-info-box-title-container  qubely-separator-position-top\"><div class=\"qubely-info-box-title-inner\"><h2 class=\"qubely-info-box-title\">Supervision<\/h2><\/div><\/div><div class=\"qubely-info-box-content\"><div class=\"qubely-info-box-text\">Nous effectuons une supervision r\u00e9guli\u00e8re de nos prestations pour garantir que nos standards de qualit\u00e9 sont respect\u00e9s. Nous tenons \u00e9galement des r\u00e9unions r\u00e9guli\u00e8res avec nos clients pour \u00e9valuer leur satisfaction et effectuer les ajustements n\u00e9cessaires.<\/div><\/div><\/div><\/div><\/div>\n<\/div><\/div>\n<\/div><\/div><\/div>\n\n\n\n<div class=\"wp-block-qubely-row qubely-section qubely-block-932d77\"><div class=\"qubely-row-overlay\"><\/div><div class=\"qubely-container\"><div class=\"qubely-row \">\n<div class=\"wp-block-qubely-column qubely-column qubely-column-front qubely-block-7168d9\"><div class=\"qubely-column-inner\">\n<div class=\"wp-block-qubely-infobox qubely-block-65d9d3\"><div class=\"qubely-block-info-box  qubely-info-box-layout-2\"><div class=\"qubely-info-box-media qubely-media-has-bg\"><i class=\"qubely-info-box-icon fas fa-running\"><\/i><\/div><div class=\"qubely-info-box-body\"><div class=\"qubely-info-box-title-container  qubely-separator-position-top\"><div class=\"qubely-info-box-title-inner\"><h2 class=\"qubely-info-box-title\">R\u00e9activit\u00e9 et flexibilit\u00e9<\/h2><\/div><\/div><div class=\"qubely-info-box-content\"><div class=\"qubely-info-box-text\">Nous sommes en mesure de r\u00e9pondre rapidement \u00e0 vos besoins et de nous adapter \u00e0 vos contraintes de planning. Nous sommes \u00e9galement \u00e0 votre disposition pour toute demande sp\u00e9cifique ou tout probl\u00e8me que vous pourriez rencontrer.<br><br><br><\/div><\/div><\/div><\/div><\/div>\n<\/div><\/div>\n<\/div><\/div><\/div>\n\n\n\n<div class=\"wp-block-qubely-row alignfull qubely-section qubely-block-461afe\"><div class=\"qubely-row-overlay\"><\/div><div class=\"qubely-container\"><div class=\"qubely-row \">\n<div class=\"wp-block-qubely-column qubely-column qubely-column-front qubely-block-994259\"><div class=\"qubely-column-inner\">\n<div class=\"wp-block-qubely-heading aligncenter qubely-block-140987\" id=\"6-un-expert-vous-r%C3%A9ponds\"><div class=\"qubely-block-heading  \"><div class=\"qubely-heading-container\"><h2 class=\"qubely-heading-selector\"><strong>Un expert vous r\u00e9ponds<\/strong><\/h2><\/div><\/div><\/div>\n\n\n\n<p class=\"wp-block-paragraph\"><\/p>\n\n\n\n<div class=\"wp-block-qubely-button qubely-block-979a86\"><div class=\"qubely-block-btn-wrapper \"><div class=\"qubely-block-btn\"><a class=\"qubely-block-btn-anchor is-large\" href=\"https:\/\/www.clarum-services.com\/index.php\/contact-2\/\">Contactez-nous<\/a><\/div><\/div><\/div>\n<\/div><\/div>\n<\/div><\/div><\/div>\n\n\n\n<div class=\"wp-block-columns is-layout-flex wp-container-core-columns-is-layout-995f960e wp-block-columns-is-layout-flex\">\n<div class=\"wp-block-column is-layout-flow wp-block-column-is-layout-flow\" style=\"flex-basis:100%\"><\/div>\n<\/div>\n","protected":false},"excerpt":{"rendered":"<p>La propret\u00e9 des locaux professionnels est un enjeu majeur pour l&rsquo;image de l&rsquo;entreprise. En effet, l&rsquo;\u00e9tat de propret\u00e9 des locaux a un impact direct sur la perception que les clients, les collaborateurs et les partenaires ont de l&rsquo;entreprise.<\/p>\n","protected":false},"author":1,"featured_media":815,"comment_status":"closed","ping_status":"open","sticky":false,"template":"","format":"standard","meta":{"qubely_global_settings":"","qubely_interactions":"","_monsterinsights_skip_tracking":false,"footnotes":""},"categories":[10],"tags":[],"class_list":["post-1573","post","type-post","status-publish","format-standard","has-post-thumbnail","hentry","category-le-saviez-vous"],"blocksy_meta":{"styles_descriptor":{"styles":{"desktop":"","tablet":"","mobile":""},"google_fonts":[],"version":6}},"qubely_featured_image_url":{"full":["https:\/\/www.clarum-services.com\/wp-content\/uploads\/2022\/01\/Maurine_Tric-3109-1-scaled-e1643759635353.jpg",1707,904,false],"landscape":["https:\/\/www.clarum-services.com\/wp-content\/uploads\/2022\/01\/Maurine_Tric-3109-1-scaled-e1643759635353-1200x750.jpg",1200,750,true],"portraits":["https:\/\/www.clarum-services.com\/wp-content\/uploads\/2022\/01\/Maurine_Tric-3109-1-scaled-e1643759635353-540x320.jpg",540,320,true],"thumbnail":["https:\/\/www.clarum-services.com\/wp-content\/uploads\/2022\/01\/Maurine_Tric-3109-1-scaled-e1643759635353-150x150.jpg",150,150,true],"medium":["https:\/\/www.clarum-services.com\/wp-content\/uploads\/2022\/01\/Maurine_Tric-3109-1-scaled-e1643759635353-300x159.jpg",300,159,true],"medium_large":["https:\/\/www.clarum-services.com\/wp-content\/uploads\/2022\/01\/Maurine_Tric-3109-1-scaled-e1643759635353-768x407.jpg",768,407,true],"large":["https:\/\/www.clarum-services.com\/wp-content\/uploads\/2022\/01\/Maurine_Tric-3109-1-scaled-e1643759635353-1024x542.jpg",1024,542,true],"1536x1536":["https:\/\/www.clarum-services.com\/wp-content\/uploads\/2022\/01\/Maurine_Tric-3109-1-scaled-e1643759635353-1536x813.jpg",1536,813,true],"2048x2048":["https:\/\/www.clarum-services.com\/wp-content\/uploads\/2022\/01\/Maurine_Tric-3109-1-1366x2048.jpg",1366,2048,true],"qubely_landscape":["https:\/\/www.clarum-services.com\/wp-content\/uploads\/2022\/01\/Maurine_Tric-3109-1-scaled-e1643759635353-1200x750.jpg",1200,750,true],"qubely_portrait":["https:\/\/www.clarum-services.com\/wp-content\/uploads\/2022\/01\/Maurine_Tric-3109-1-scaled-e1643759635353-540x320.jpg",540,320,true],"qubely_thumbnail":["https:\/\/www.clarum-services.com\/wp-content\/uploads\/2022\/01\/Maurine_Tric-3109-1-scaled-e1643759635353-140x100.jpg",140,100,true]},"qubely_author":{"display_name":"Pouchon","author_link":"https:\/\/www.clarum-services.com\/index.php\/author\/pouchon\/"},"qubely_comment":0,"qubely_category":"<a href=\"https:\/\/www.clarum-services.com\/index.php\/category\/news\/le-saviez-vous\/\" rel=\"category tag\">Le saviez-vous<\/a>","qubely_excerpt":"La propret\u00e9 des locaux professionnels est un enjeu majeur pour l'image de l'entreprise. En effet, l'\u00e9tat de propret\u00e9 des locaux a un impact direct sur la perception que les clients, les collaborateurs et les partenaires ont de l'entreprise.","yoast_head":"<!-- This site is optimized with the Yoast SEO plugin v28.3 - https:\/\/yoast.com\/product\/yoast-seo-wordpress\/ -->\n<title>La propret\u00e9 des locaux professionnels : un enjeu majeur pour l&#039;image de l&#039;entreprise - Clarum Services<\/title>\n<meta name=\"robots\" content=\"index, follow, max-snippet:-1, max-image-preview:large, max-video-preview:-1\" \/>\n<link rel=\"canonical\" href=\"https:\/\/www.clarum-services.com\/index.php\/2023\/05\/08\/la-proprete-des-locaux-professionnels-un-enjeu-majeur-pour-limage-de-lentreprise\/\" \/>\n<meta property=\"og:locale\" content=\"fr_FR\" \/>\n<meta property=\"og:type\" content=\"article\" \/>\n<meta property=\"og:title\" content=\"La propret\u00e9 des locaux professionnels : un enjeu majeur pour l&#039;image de l&#039;entreprise - Clarum Services\" \/>\n<meta property=\"og:description\" content=\"La propret\u00e9 des locaux professionnels est un enjeu majeur pour l&#039;image de l&#039;entreprise. En effet, l&#039;\u00e9tat de propret\u00e9 des locaux a un impact direct sur la perception que les clients, les collaborateurs et les partenaires ont de l&#039;entreprise.\" \/>\n<meta property=\"og:url\" content=\"https:\/\/www.clarum-services.com\/index.php\/2023\/05\/08\/la-proprete-des-locaux-professionnels-un-enjeu-majeur-pour-limage-de-lentreprise\/\" \/>\n<meta property=\"og:site_name\" content=\"Clarum Services\" \/>\n<meta property=\"article:published_time\" content=\"2023-05-08T00:17:41+00:00\" \/>\n<meta property=\"article:modified_time\" content=\"2023-05-08T02:56:50+00:00\" \/>\n<meta property=\"og:image\" content=\"https:\/\/www.clarum-services.com\/wp-content\/uploads\/2022\/01\/Maurine_Tric-3109-1-scaled-e1643759635353.jpg\" \/>\n\t<meta property=\"og:image:width\" content=\"1707\" \/>\n\t<meta property=\"og:image:height\" content=\"904\" \/>\n\t<meta property=\"og:image:type\" content=\"image\/jpeg\" \/>\n<meta name=\"author\" content=\"Pouchon\" \/>\n<meta name=\"twitter:card\" content=\"summary_large_image\" \/>\n<meta name=\"twitter:label1\" content=\"\u00c9crit par\" \/>\n\t<meta name=\"twitter:data1\" content=\"Pouchon\" \/>\n\t<meta name=\"twitter:label2\" content=\"Dur\u00e9e de lecture estim\u00e9e\" \/>\n\t<meta name=\"twitter:data2\" content=\"4 minutes\" \/>\n<script type=\"application\/ld+json\" class=\"yoast-schema-graph\">{\"@context\":\"https:\\\/\\\/schema.org\",\"@graph\":[{\"@type\":\"Article\",\"@id\":\"https:\\\/\\\/www.clarum-services.com\\\/index.php\\\/2023\\\/05\\\/08\\\/la-proprete-des-locaux-professionnels-un-enjeu-majeur-pour-limage-de-lentreprise\\\/#article\",\"isPartOf\":{\"@id\":\"https:\\\/\\\/www.clarum-services.com\\\/index.php\\\/2023\\\/05\\\/08\\\/la-proprete-des-locaux-professionnels-un-enjeu-majeur-pour-limage-de-lentreprise\\\/\"},\"author\":{\"name\":\"Pouchon\",\"@id\":\"https:\\\/\\\/www.clarum-services.com\\\/#\\\/schema\\\/person\\\/e590291ab37829d6b633eb05da9ca250\"},\"headline\":\"La propret\u00e9 des locaux professionnels : un enjeu majeur pour l&rsquo;image de l&rsquo;entreprise\",\"datePublished\":\"2023-05-08T00:17:41+00:00\",\"dateModified\":\"2023-05-08T02:56:50+00:00\",\"mainEntityOfPage\":{\"@id\":\"https:\\\/\\\/www.clarum-services.com\\\/index.php\\\/2023\\\/05\\\/08\\\/la-proprete-des-locaux-professionnels-un-enjeu-majeur-pour-limage-de-lentreprise\\\/\"},\"wordCount\":837,\"publisher\":{\"@id\":\"https:\\\/\\\/www.clarum-services.com\\\/#organization\"},\"image\":{\"@id\":\"https:\\\/\\\/www.clarum-services.com\\\/index.php\\\/2023\\\/05\\\/08\\\/la-proprete-des-locaux-professionnels-un-enjeu-majeur-pour-limage-de-lentreprise\\\/#primaryimage\"},\"thumbnailUrl\":\"https:\\\/\\\/www.clarum-services.com\\\/wp-content\\\/uploads\\\/2022\\\/01\\\/Maurine_Tric-3109-1-scaled-e1643759635353.jpg\",\"articleSection\":[\"Le saviez-vous\"],\"inLanguage\":\"fr-FR\"},{\"@type\":\"WebPage\",\"@id\":\"https:\\\/\\\/www.clarum-services.com\\\/index.php\\\/2023\\\/05\\\/08\\\/la-proprete-des-locaux-professionnels-un-enjeu-majeur-pour-limage-de-lentreprise\\\/\",\"url\":\"https:\\\/\\\/www.clarum-services.com\\\/index.php\\\/2023\\\/05\\\/08\\\/la-proprete-des-locaux-professionnels-un-enjeu-majeur-pour-limage-de-lentreprise\\\/\",\"name\":\"La propret\u00e9 des locaux professionnels : un enjeu majeur pour l'image de l'entreprise - Clarum Services\",\"isPartOf\":{\"@id\":\"https:\\\/\\\/www.clarum-services.com\\\/#website\"},\"primaryImageOfPage\":{\"@id\":\"https:\\\/\\\/www.clarum-services.com\\\/index.php\\\/2023\\\/05\\\/08\\\/la-proprete-des-locaux-professionnels-un-enjeu-majeur-pour-limage-de-lentreprise\\\/#primaryimage\"},\"image\":{\"@id\":\"https:\\\/\\\/www.clarum-services.com\\\/index.php\\\/2023\\\/05\\\/08\\\/la-proprete-des-locaux-professionnels-un-enjeu-majeur-pour-limage-de-lentreprise\\\/#primaryimage\"},\"thumbnailUrl\":\"https:\\\/\\\/www.clarum-services.com\\\/wp-content\\\/uploads\\\/2022\\\/01\\\/Maurine_Tric-3109-1-scaled-e1643759635353.jpg\",\"datePublished\":\"2023-05-08T00:17:41+00:00\",\"dateModified\":\"2023-05-08T02:56:50+00:00\",\"breadcrumb\":{\"@id\":\"https:\\\/\\\/www.clarum-services.com\\\/index.php\\\/2023\\\/05\\\/08\\\/la-proprete-des-locaux-professionnels-un-enjeu-majeur-pour-limage-de-lentreprise\\\/#breadcrumb\"},\"inLanguage\":\"fr-FR\",\"potentialAction\":[{\"@type\":\"ReadAction\",\"target\":[\"https:\\\/\\\/www.clarum-services.com\\\/index.php\\\/2023\\\/05\\\/08\\\/la-proprete-des-locaux-professionnels-un-enjeu-majeur-pour-limage-de-lentreprise\\\/\"]}]},{\"@type\":\"ImageObject\",\"inLanguage\":\"fr-FR\",\"@id\":\"https:\\\/\\\/www.clarum-services.com\\\/index.php\\\/2023\\\/05\\\/08\\\/la-proprete-des-locaux-professionnels-un-enjeu-majeur-pour-limage-de-lentreprise\\\/#primaryimage\",\"url\":\"https:\\\/\\\/www.clarum-services.com\\\/wp-content\\\/uploads\\\/2022\\\/01\\\/Maurine_Tric-3109-1-scaled-e1643759635353.jpg\",\"contentUrl\":\"https:\\\/\\\/www.clarum-services.com\\\/wp-content\\\/uploads\\\/2022\\\/01\\\/Maurine_Tric-3109-1-scaled-e1643759635353.jpg\",\"width\":1707,\"height\":904,\"caption\":\"3 agents Clarum Services face cam\u00e9ra souriants\"},{\"@type\":\"BreadcrumbList\",\"@id\":\"https:\\\/\\\/www.clarum-services.com\\\/index.php\\\/2023\\\/05\\\/08\\\/la-proprete-des-locaux-professionnels-un-enjeu-majeur-pour-limage-de-lentreprise\\\/#breadcrumb\",\"itemListElement\":[{\"@type\":\"ListItem\",\"position\":1,\"name\":\"Accueil\",\"item\":\"https:\\\/\\\/www.clarum-services.com\\\/\"},{\"@type\":\"ListItem\",\"position\":2,\"name\":\"La propret\u00e9 des locaux professionnels : un enjeu majeur pour l&rsquo;image de l&rsquo;entreprise\"}]},{\"@type\":\"WebSite\",\"@id\":\"https:\\\/\\\/www.clarum-services.com\\\/#website\",\"url\":\"https:\\\/\\\/www.clarum-services.com\\\/\",\"name\":\"Clarum Services\",\"description\":\"La force du service\",\"publisher\":{\"@id\":\"https:\\\/\\\/www.clarum-services.com\\\/#organization\"},\"potentialAction\":[{\"@type\":\"SearchAction\",\"target\":{\"@type\":\"EntryPoint\",\"urlTemplate\":\"https:\\\/\\\/www.clarum-services.com\\\/?s={search_term_string}\"},\"query-input\":{\"@type\":\"PropertyValueSpecification\",\"valueRequired\":true,\"valueName\":\"search_term_string\"}}],\"inLanguage\":\"fr-FR\"},{\"@type\":\"Organization\",\"@id\":\"https:\\\/\\\/www.clarum-services.com\\\/#organization\",\"name\":\"Clarum Services\",\"url\":\"https:\\\/\\\/www.clarum-services.com\\\/\",\"logo\":{\"@type\":\"ImageObject\",\"inLanguage\":\"fr-FR\",\"@id\":\"https:\\\/\\\/www.clarum-services.com\\\/#\\\/schema\\\/logo\\\/image\\\/\",\"url\":\"https:\\\/\\\/www.clarum-services.com\\\/wp-content\\\/uploads\\\/2021\\\/06\\\/petit_logo1_noir.png\",\"contentUrl\":\"https:\\\/\\\/www.clarum-services.com\\\/wp-content\\\/uploads\\\/2021\\\/06\\\/petit_logo1_noir.png\",\"width\":1240,\"height\":874,\"caption\":\"Clarum Services\"},\"image\":{\"@id\":\"https:\\\/\\\/www.clarum-services.com\\\/#\\\/schema\\\/logo\\\/image\\\/\"}},{\"@type\":\"Person\",\"@id\":\"https:\\\/\\\/www.clarum-services.com\\\/#\\\/schema\\\/person\\\/e590291ab37829d6b633eb05da9ca250\",\"name\":\"Pouchon\",\"image\":{\"@type\":\"ImageObject\",\"inLanguage\":\"fr-FR\",\"@id\":\"https:\\\/\\\/secure.gravatar.com\\\/avatar\\\/2b32a61f1edd4c39add956dd02a964a7f3d8ad49f0481d0ea75c0a3f1826c2a2?s=96&d=mm&r=g\",\"url\":\"https:\\\/\\\/secure.gravatar.com\\\/avatar\\\/2b32a61f1edd4c39add956dd02a964a7f3d8ad49f0481d0ea75c0a3f1826c2a2?s=96&d=mm&r=g\",\"contentUrl\":\"https:\\\/\\\/secure.gravatar.com\\\/avatar\\\/2b32a61f1edd4c39add956dd02a964a7f3d8ad49f0481d0ea75c0a3f1826c2a2?s=96&d=mm&r=g\",\"caption\":\"Pouchon\"},\"sameAs\":[\"http:\\\/\\\/localhost\\\/Clarum%20Services%20WP\"],\"url\":\"https:\\\/\\\/www.clarum-services.com\\\/index.php\\\/author\\\/pouchon\\\/\"}]}<\/script>\n<!-- \/ Yoast SEO plugin. -->","yoast_head_json":{"title":"La propret\u00e9 des locaux professionnels : un enjeu majeur pour l'image de l'entreprise - Clarum Services","robots":{"index":"index","follow":"follow","max-snippet":"max-snippet:-1","max-image-preview":"max-image-preview:large","max-video-preview":"max-video-preview:-1"},"canonical":"https:\/\/www.clarum-services.com\/index.php\/2023\/05\/08\/la-proprete-des-locaux-professionnels-un-enjeu-majeur-pour-limage-de-lentreprise\/","og_locale":"fr_FR","og_type":"article","og_title":"La propret\u00e9 des locaux professionnels : un enjeu majeur pour l'image de l'entreprise - Clarum Services","og_description":"La propret\u00e9 des locaux professionnels est un enjeu majeur pour l'image de l'entreprise. En effet, l'\u00e9tat de propret\u00e9 des locaux a un impact direct sur la perception que les clients, les collaborateurs et les partenaires ont de l'entreprise.","og_url":"https:\/\/www.clarum-services.com\/index.php\/2023\/05\/08\/la-proprete-des-locaux-professionnels-un-enjeu-majeur-pour-limage-de-lentreprise\/","og_site_name":"Clarum Services","article_published_time":"2023-05-08T00:17:41+00:00","article_modified_time":"2023-05-08T02:56:50+00:00","og_image":[{"width":1707,"height":904,"url":"https:\/\/www.clarum-services.com\/wp-content\/uploads\/2022\/01\/Maurine_Tric-3109-1-scaled-e1643759635353.jpg","type":"image\/jpeg"}],"author":"Pouchon","twitter_card":"summary_large_image","twitter_misc":{"\u00c9crit par":"Pouchon","Dur\u00e9e de lecture estim\u00e9e":"4 minutes"},"schema":{"@context":"https:\/\/schema.org","@graph":[{"@type":"Article","@id":"https:\/\/www.clarum-services.com\/index.php\/2023\/05\/08\/la-proprete-des-locaux-professionnels-un-enjeu-majeur-pour-limage-de-lentreprise\/#article","isPartOf":{"@id":"https:\/\/www.clarum-services.com\/index.php\/2023\/05\/08\/la-proprete-des-locaux-professionnels-un-enjeu-majeur-pour-limage-de-lentreprise\/"},"author":{"name":"Pouchon","@id":"https:\/\/www.clarum-services.com\/#\/schema\/person\/e590291ab37829d6b633eb05da9ca250"},"headline":"La propret\u00e9 des locaux professionnels : un enjeu majeur pour l&rsquo;image de l&rsquo;entreprise","datePublished":"2023-05-08T00:17:41+00:00","dateModified":"2023-05-08T02:56:50+00:00","mainEntityOfPage":{"@id":"https:\/\/www.clarum-services.com\/index.php\/2023\/05\/08\/la-proprete-des-locaux-professionnels-un-enjeu-majeur-pour-limage-de-lentreprise\/"},"wordCount":837,"publisher":{"@id":"https:\/\/www.clarum-services.com\/#organization"},"image":{"@id":"https:\/\/www.clarum-services.com\/index.php\/2023\/05\/08\/la-proprete-des-locaux-professionnels-un-enjeu-majeur-pour-limage-de-lentreprise\/#primaryimage"},"thumbnailUrl":"https:\/\/www.clarum-services.com\/wp-content\/uploads\/2022\/01\/Maurine_Tric-3109-1-scaled-e1643759635353.jpg","articleSection":["Le saviez-vous"],"inLanguage":"fr-FR"},{"@type":"WebPage","@id":"https:\/\/www.clarum-services.com\/index.php\/2023\/05\/08\/la-proprete-des-locaux-professionnels-un-enjeu-majeur-pour-limage-de-lentreprise\/","url":"https:\/\/www.clarum-services.com\/index.php\/2023\/05\/08\/la-proprete-des-locaux-professionnels-un-enjeu-majeur-pour-limage-de-lentreprise\/","name":"La propret\u00e9 des locaux professionnels : un enjeu majeur pour l'image de l'entreprise - Clarum Services","isPartOf":{"@id":"https:\/\/www.clarum-services.com\/#website"},"primaryImageOfPage":{"@id":"https:\/\/www.clarum-services.com\/index.php\/2023\/05\/08\/la-proprete-des-locaux-professionnels-un-enjeu-majeur-pour-limage-de-lentreprise\/#primaryimage"},"image":{"@id":"https:\/\/www.clarum-services.com\/index.php\/2023\/05\/08\/la-proprete-des-locaux-professionnels-un-enjeu-majeur-pour-limage-de-lentreprise\/#primaryimage"},"thumbnailUrl":"https:\/\/www.clarum-services.com\/wp-content\/uploads\/2022\/01\/Maurine_Tric-3109-1-scaled-e1643759635353.jpg","datePublished":"2023-05-08T00:17:41+00:00","dateModified":"2023-05-08T02:56:50+00:00","breadcrumb":{"@id":"https:\/\/www.clarum-services.com\/index.php\/2023\/05\/08\/la-proprete-des-locaux-professionnels-un-enjeu-majeur-pour-limage-de-lentreprise\/#breadcrumb"},"inLanguage":"fr-FR","potentialAction":[{"@type":"ReadAction","target":["https:\/\/www.clarum-services.com\/index.php\/2023\/05\/08\/la-proprete-des-locaux-professionnels-un-enjeu-majeur-pour-limage-de-lentreprise\/"]}]},{"@type":"ImageObject","inLanguage":"fr-FR","@id":"https:\/\/www.clarum-services.com\/index.php\/2023\/05\/08\/la-proprete-des-locaux-professionnels-un-enjeu-majeur-pour-limage-de-lentreprise\/#primaryimage","url":"https:\/\/www.clarum-services.com\/wp-content\/uploads\/2022\/01\/Maurine_Tric-3109-1-scaled-e1643759635353.jpg","contentUrl":"https:\/\/www.clarum-services.com\/wp-content\/uploads\/2022\/01\/Maurine_Tric-3109-1-scaled-e1643759635353.jpg","width":1707,"height":904,"caption":"3 agents Clarum Services face cam\u00e9ra souriants"},{"@type":"BreadcrumbList","@id":"https:\/\/www.clarum-services.com\/index.php\/2023\/05\/08\/la-proprete-des-locaux-professionnels-un-enjeu-majeur-pour-limage-de-lentreprise\/#breadcrumb","itemListElement":[{"@type":"ListItem","position":1,"name":"Accueil","item":"https:\/\/www.clarum-services.com\/"},{"@type":"ListItem","position":2,"name":"La propret\u00e9 des locaux professionnels : un enjeu majeur pour l&rsquo;image de l&rsquo;entreprise"}]},{"@type":"WebSite","@id":"https:\/\/www.clarum-services.com\/#website","url":"https:\/\/www.clarum-services.com\/","name":"Clarum Services","description":"La force du service","publisher":{"@id":"https:\/\/www.clarum-services.com\/#organization"},"potentialAction":[{"@type":"SearchAction","target":{"@type":"EntryPoint","urlTemplate":"https:\/\/www.clarum-services.com\/?s={search_term_string}"},"query-input":{"@type":"PropertyValueSpecification","valueRequired":true,"valueName":"search_term_string"}}],"inLanguage":"fr-FR"},{"@type":"Organization","@id":"https:\/\/www.clarum-services.com\/#organization","name":"Clarum Services","url":"https:\/\/www.clarum-services.com\/","logo":{"@type":"ImageObject","inLanguage":"fr-FR","@id":"https:\/\/www.clarum-services.com\/#\/schema\/logo\/image\/","url":"https:\/\/www.clarum-services.com\/wp-content\/uploads\/2021\/06\/petit_logo1_noir.png","contentUrl":"https:\/\/www.clarum-services.com\/wp-content\/uploads\/2021\/06\/petit_logo1_noir.png","width":1240,"height":874,"caption":"Clarum Services"},"image":{"@id":"https:\/\/www.clarum-services.com\/#\/schema\/logo\/image\/"}},{"@type":"Person","@id":"https:\/\/www.clarum-services.com\/#\/schema\/person\/e590291ab37829d6b633eb05da9ca250","name":"Pouchon","image":{"@type":"ImageObject","inLanguage":"fr-FR","@id":"https:\/\/secure.gravatar.com\/avatar\/2b32a61f1edd4c39add956dd02a964a7f3d8ad49f0481d0ea75c0a3f1826c2a2?s=96&d=mm&r=g","url":"https:\/\/secure.gravatar.com\/avatar\/2b32a61f1edd4c39add956dd02a964a7f3d8ad49f0481d0ea75c0a3f1826c2a2?s=96&d=mm&r=g","contentUrl":"https:\/\/secure.gravatar.com\/avatar\/2b32a61f1edd4c39add956dd02a964a7f3d8ad49f0481d0ea75c0a3f1826c2a2?s=96&d=mm&r=g","caption":"Pouchon"},"sameAs":["http:\/\/localhost\/Clarum%20Services%20WP"],"url":"https:\/\/www.clarum-services.com\/index.php\/author\/pouchon\/"}]}},"_links":{"self":[{"href":"https:\/\/www.clarum-services.com\/index.php\/wp-json\/wp\/v2\/posts\/1573","targetHints":{"allow":["GET"]}}],"collection":[{"href":"https:\/\/www.clarum-services.com\/index.php\/wp-json\/wp\/v2\/posts"}],"about":[{"href":"https:\/\/www.clarum-services.com\/index.php\/wp-json\/wp\/v2\/types\/post"}],"author":[{"embeddable":true,"href":"https:\/\/www.clarum-services.com\/index.php\/wp-json\/wp\/v2\/users\/1"}],"replies":[{"embeddable":true,"href":"https:\/\/www.clarum-services.com\/index.php\/wp-json\/wp\/v2\/comments?post=1573"}],"version-history":[{"count":10,"href":"https:\/\/www.clarum-services.com\/index.php\/wp-json\/wp\/v2\/posts\/1573\/revisions"}],"predecessor-version":[{"id":1625,"href":"https:\/\/www.clarum-services.com\/index.php\/wp-json\/wp\/v2\/posts\/1573\/revisions\/1625"}],"wp:featuredmedia":[{"embeddable":true,"href":"https:\/\/www.clarum-services.com\/index.php\/wp-json\/wp\/v2\/media\/815"}],"wp:attachment":[{"href":"https:\/\/www.clarum-services.com\/index.php\/wp-json\/wp\/v2\/media?parent=1573"}],"wp:term":[{"taxonomy":"category","embeddable":true,"href":"https:\/\/www.clarum-services.com\/index.php\/wp-json\/wp\/v2\/categories?post=1573"},{"taxonomy":"post_tag","embeddable":true,"href":"https:\/\/www.clarum-services.com\/index.php\/wp-json\/wp\/v2\/tags?post=1573"}],"curies":[{"name":"wp","href":"https:\/\/api.w.org\/{rel}","templated":true}]}}