{"id":1629,"date":"2023-05-09T01:12:51","date_gmt":"2023-05-08T23:12:51","guid":{"rendered":"https:\/\/www.clarum-services.com\/?p=1629"},"modified":"2023-05-09T01:47:45","modified_gmt":"2023-05-08T23:47:45","slug":"la-renovation-energetique-des-locaux-professionnels","status":"publish","type":"post","link":"https:\/\/www.clarum-services.com\/index.php\/2023\/05\/09\/la-renovation-energetique-des-locaux-professionnels\/","title":{"rendered":"La r\u00e9novation \u00e9nerg\u00e9tique des locaux professionnels"},"content":{"rendered":"\n<div class=\"wp-block-qubely-row qubely-section qubely-block-05d42a\"><div class=\"qubely-row-overlay\"><\/div><div class=\"qubely-container\"><div class=\"qubely-row \">\n<div class=\"wp-block-qubely-column qubely-column qubely-column-front qubely-block-c29641\"><div class=\"qubely-column-inner\">\n<div class=\"wp-block-qubely-text qubely-block-af16c5\"><div class=\"qubely-block-text  \"><div class=\"qubely-block-text-title-container  qubely-separator-position-top\"><div class=\"qubely-block-text-title-inner\"><h6 class=\"qubely-block-text-title\">Comment r\u00e9nover vos locaux pour am\u00e9liorer l&rsquo;efficacit\u00e9 \u00e9nerg\u00e9tique ?<br><\/h6><\/div><\/div><p>Les b\u00e2timents sont responsables <strong>d&rsquo;environ 40% de la consommation d&rsquo;\u00e9nergie en France<\/strong>, et les espaces de travail ne font pas exception. Pour les entreprises soucieuses de leur empreinte \u00e9cologique et de leurs co\u00fbts \u00e9nerg\u00e9tiques, la r\u00e9novation \u00e9nerg\u00e9tique de leurs locaux peut \u00eatre une solution int\u00e9ressante. Dans cet article, nous vous expliquerons comment <strong>r\u00e9nover votre bureau pour am\u00e9liorer son efficacit\u00e9 \u00e9nerg\u00e9tique<\/strong>, tout en r\u00e9duisant vos co\u00fbts et en am\u00e9liorant votre confort.<br><br>La r\u00e9novation \u00e9nerg\u00e9tique est devenue un enjeu majeur pour les entreprises souhaitant r\u00e9duire leur consommation d&rsquo;\u00e9nergie et leurs co\u00fbts associ\u00e9s. Chez Clarum Services, nous avons d\u00e9velopp\u00e9 une expertise en mati\u00e8re de r\u00e9novation \u00e9nerg\u00e9tique des locaux professionnels pour <strong>aider les entreprises \u00e0 atteindre leurs objectifs environnementaux et \u00e9conomiques.<\/strong><\/p><\/div><\/div>\n<\/div><\/div>\n<\/div><\/div><\/div>\n\n\n\n<div class=\"wp-block-columns is-layout-flex wp-container-core-columns-is-layout-995f960e wp-block-columns-is-layout-flex\">\n<div class=\"wp-block-column is-layout-flow wp-block-column-is-layout-flow\" style=\"flex-basis:100%\">\n<div class=\"wp-block-qubely-row qubely-section qubely-block-8959a8\"><div class=\"qubely-row-overlay\"><\/div><div class=\"qubely-container\"><div class=\"qubely-row \">\n<div class=\"wp-block-qubely-column qubely-column qubely-column-front qubely-block-02232f\"><div class=\"qubely-column-inner\"><\/div><\/div>\n<\/div><\/div><\/div>\n<\/div>\n<\/div>\n\n\n\n<div class=\"wp-block-qubely-row qubely-section qubely-block-a9f6a7\"><div class=\"qubely-row-overlay\"><\/div><div class=\"qubely-container\"><div class=\"qubely-row \">\n<div class=\"wp-block-qubely-column qubely-column qubely-column-front qubely-block-7bbcca\"><div class=\"qubely-column-inner\">\n<div class=\"wp-block-qubely-row qubely-section qubely-block-d8ad3b\"><div class=\"qubely-row-overlay\"><\/div><div class=\"qubely-container\"><div class=\"qubely-row \">\n<div class=\"wp-block-qubely-column qubely-column qubely-column-front qubely-block-c83e26\"><div class=\"qubely-column-inner\">\n<div class=\"wp-block-qubely-row qubely-section qubely-block-3bcd94\"><div class=\"qubely-row-overlay\"><\/div><div class=\"qubely-container\"><div class=\"qubely-row \">\n<div class=\"wp-block-qubely-column qubely-column qubely-column-front qubely-block-5788a1\"><div class=\"qubely-column-inner\">\n<div class=\"wp-block-qubely-text qubely-block-eda63a\"><div class=\"qubely-block-text  \"><div class=\"qubely-block-text-title-container  qubely-separator-position-top\"><div class=\"qubely-block-text-title-inner\"><h6 class=\"qubely-block-text-title\">Faire un diagnostic \u00e9nerg\u00e9tique<br><\/h6><\/div><\/div><p>Avant de commencer tout travaux, il est important de r\u00e9aliser un diagnostic \u00e9nerg\u00e9tique de vos locaux pour identifier les sources de gaspillage et les probl\u00e8mes de performance \u00e9nerg\u00e9tique. Cette \u00e9tape permet de d\u00e9terminer les travaux prioritaires \u00e0 r\u00e9aliser pour am\u00e9liorer l&rsquo;efficacit\u00e9 \u00e9nerg\u00e9tique de votre bureau.<\/p><\/div><\/div>\n<\/div><\/div>\n<\/div><\/div><\/div>\n\n\n\n<div class=\"wp-block-qubely-text qubely-block-70c8bd\"><div class=\"qubely-block-text  \"><div class=\"qubely-block-text-title-container  qubely-separator-position-top\"><div class=\"qubely-block-text-title-inner\"><h2 class=\"qubely-block-text-title\">L&rsquo;isolation des murs et des fen\u00eatres <br><\/h2><\/div><\/div><p>L&rsquo;isolation thermique est la premi\u00e8re \u00e9tape de la r\u00e9novation \u00e9nerg\u00e9tique. En effet, les d\u00e9perditions de chaleur peuvent repr\u00e9senter <strong>jusqu&rsquo;\u00e0 30% de la consommation d&rsquo;\u00e9nergie d&rsquo;un b\u00e2timent<\/strong>. Pour r\u00e9duire ces pertes, il est important d&rsquo;isoler les murs, les fen\u00eatres, les portes et les planchers.<\/p><\/div><\/div>\n<\/div><\/div>\n<\/div><\/div><\/div>\n\n\n\n<div class=\"wp-block-qubely-text qubely-block-19e6f8\"><div class=\"qubely-block-text  \"><div class=\"qubely-block-text-title-container  qubely-separator-position-top\"><div class=\"qubely-block-text-title-inner\"><h2 class=\"qubely-block-text-title\">Changer les \u00e9quipements de chauffage et de climatisation<br><\/h2><\/div><\/div><p>Les \u00e9quipements de chauffage et de climatisation sont parmi les plus grands consommateurs d&rsquo;\u00e9nergie dans les espaces de travail. Changer les anciens \u00e9quipements par des mod\u00e8les plus efficaces et \u00e9conomes en \u00e9nergie <strong>peut r\u00e9duire votre consommation d&rsquo;\u00e9nergie de 30 \u00e0 50%.<\/strong><\/p><\/div><\/div>\n\n\n\n<div class=\"wp-block-qubely-text qubely-block-39d636\"><div class=\"qubely-block-text  \"><div class=\"qubely-block-text-title-container  qubely-separator-position-top\"><div class=\"qubely-block-text-title-inner\"><h2 class=\"qubely-block-text-title\">Utiliser des \u00e9clairages LED<br><\/h2><\/div><\/div><p>L&rsquo;\u00e9clairage repr\u00e9sente <strong>environ 15% de la consommation d&rsquo;\u00e9nergie d&rsquo;un bureau<\/strong>. L&rsquo;utilisation de lampes LED peut r\u00e9duire cette consommation de pr\u00e8s de 80%. Les \u00e9clairages LED sont \u00e9galement plus durables et n\u00e9cessitent moins de maintenance que les \u00e9clairages traditionnels.<\/p><\/div><\/div>\n\n\n\n<div class=\"wp-block-qubely-text qubely-block-c83c1e\"><div class=\"qubely-block-text  \"><div class=\"qubely-block-text-title-container  qubely-separator-position-top\"><div class=\"qubely-block-text-title-inner\"><h2 class=\"qubely-block-text-title\">Optimiser la gestion \u00e9nerg\u00e9tique<br><\/h2><\/div><\/div><p><strong>La gestion \u00e9nerg\u00e9tique de votre bureau est un \u00e9l\u00e9ment cl\u00e9 de la r\u00e9novation \u00e9nerg\u00e9tique.<\/strong> Les syst\u00e8mes de gestion \u00e9nerg\u00e9tique intelligents peuvent \u00eatre utilis\u00e9s pour contr\u00f4ler la consommation d&rsquo;\u00e9nergie de votre bureau en temps r\u00e9el et optimiser les temps de chauffage, de refroidissement et d&rsquo;\u00e9clairage en fonction de l&rsquo;utilisation de l&rsquo;espace.<\/p><\/div><\/div>\n\n\n\n<div class=\"wp-block-qubely-text qubely-block-a9b0d5\"><div class=\"qubely-block-text  \"><div class=\"qubely-block-text-title-container  qubely-separator-position-top\"><div class=\"qubely-block-text-title-inner\"><h2 class=\"qubely-block-text-title\">Les aides <br><\/h2><\/div><\/div><p>En France, les entreprises peuvent b\u00e9n\u00e9ficier <strong>de plusieurs aides pour financer leurs travaux de r\u00e9novation \u00e9nerg\u00e9tique<\/strong>. Parmi celles-ci, on peut citer <strong>les certificats d&rsquo;\u00e9conomie d&rsquo;\u00e9nergie (CEE)<\/strong>, qui permettent aux entreprises de b\u00e9n\u00e9ficier de subventions ou de primes pour la r\u00e9alisation de travaux de r\u00e9novation \u00e9nerg\u00e9tique. Les entreprises peuvent \u00e9galement b\u00e9n\u00e9ficier de pr\u00eats \u00e0 taux z\u00e9ro pour la r\u00e9novation \u00e9nerg\u00e9tique, tels que le <strong>Pr\u00eat \u00e0 Taux Z\u00e9ro Entreprises (PTZ-E) ou le Pr\u00eat Eco Energie TPE\/PME<\/strong>. Enfin, les entreprises peuvent \u00e9galement b\u00e9n\u00e9ficier <strong>de cr\u00e9dits d&rsquo;imp\u00f4t pour la transition \u00e9nerg\u00e9tique (CITE)<\/strong>, qui leur permettent de d\u00e9duire de leur imp\u00f4t sur les soci\u00e9t\u00e9s une partie des d\u00e9penses li\u00e9es \u00e0 la r\u00e9novation \u00e9nerg\u00e9tique. Ces aides peuvent grandement faciliter la r\u00e9alisation de travaux de r\u00e9novation \u00e9nerg\u00e9tique pour les entreprises et les encourager \u00e0 entreprendre des actions en faveur de la transition \u00e9cologique.<br><br><a href=\"https:\/\/www.economie.gouv.fr\/cedef\/aides-entreprises-transition-ecologique\" target=\"_blank\" rel=\"noreferrer noopener\">https:\/\/www.economie.gouv.fr\/cedef\/aides-entreprises-transition-ecologique<\/a><br><\/p><\/div><\/div>\n<\/div><\/div>\n<\/div><\/div><\/div>\n\n\n\n<div class=\"wp-block-qubely-row qubely-section qubely-block-05cb0b\"><div class=\"qubely-row-overlay\"><\/div><div class=\"qubely-container\"><div class=\"qubely-row \">\n<div class=\"wp-block-qubely-column qubely-column qubely-column-front qubely-block-98ba81\"><div class=\"qubely-column-inner\"><\/div><\/div>\n<\/div><\/div><\/div>\n\n\n\n<div class=\"wp-block-qubely-row qubely-section qubely-block-3803c1\"><div class=\"qubely-row-overlay\"><\/div><div class=\"qubely-container\"><div class=\"qubely-row \">\n<div class=\"wp-block-qubely-column qubely-column qubely-column-front qubely-block-7025bb\"><div class=\"qubely-column-inner\">\n<div class=\"wp-block-qubely-text qubely-block-affdab\"><div class=\"qubely-block-text  \"><div class=\"qubely-block-text-title-container  qubely-separator-position-top\"><div class=\"qubely-block-text-title-inner\"><h2 class=\"qubely-block-text-title\">Un accompagnement transparent et m\u00e9thodique<br><\/h2><\/div><\/div><p>Notre m\u00e9thode de travail commence par un<strong> diagnostic \u00e9nerg\u00e9tique complet de vos locaux<\/strong> professionnels pour identifier les zones de perte d&rsquo;\u00e9nergie et proposer des solutions adapt\u00e9es. Nous \u00e9valuons \u00e9galement les performances \u00e9nerg\u00e9tiques des \u00e9quipements et des syst\u00e8mes de ventilation, de chauffage et de climatisation.<br><br>Ensuite, nous vous pr\u00e9sentons <strong>les options les plus efficaces pour am\u00e9liorer la performance \u00e9nerg\u00e9tique de vos locaux professionnels<\/strong> en termes d&rsquo;isolation, de ventilation, de chauffage et d&rsquo;\u00e9clairage. Nous sommes \u00e0 vos c\u00f4t\u00e9s pour vous guider dans le choix des solutions les plus adapt\u00e9es \u00e0 vos besoins et \u00e0 votre budget.<br><br>Une fois les solutions choisies, nous encadrons les travaux de r\u00e9novation \u00e9nerg\u00e9tique de vos locaux professionnels. Nous travaillons avec un r\u00e9seau de <strong>partenaires qualifi\u00e9s et exp\u00e9riment\u00e9s<\/strong> pour garantir une r\u00e9alisation conforme aux normes et aux r\u00e9glementations en vigueur.<br>Nous r\u00e9ceptionnons ensuite les travaux et nous assurons de la qualit\u00e9 de la prestation en mesurant les performances \u00e9nerg\u00e9tiques avant et apr\u00e8s les travaux. Enfin, nous vous proposons des conseils pour optimiser l&rsquo;utilisation de vos \u00e9quipements \u00e9nerg\u00e9tiques et pour maintenir <strong>la performance de vos locaux professionnels \u00e0 long terme.<\/strong><br><br>Chez Clarum Services, notre objectif est de vous aider \u00e0 <strong>r\u00e9aliser des \u00e9conomies d&rsquo;\u00e9nergie significatives tout en am\u00e9liorant le confort de vos locaux professionnels<\/strong>. Nous sommes fiers de notre expertise en mati\u00e8re de r\u00e9novation \u00e9nerg\u00e9tique et de notre engagement \u00e0 aider les entreprises \u00e0 atteindre leurs objectifs environnementaux et \u00e9conomiques.<br><\/p><\/div><\/div>\n<\/div><\/div>\n<\/div><\/div><\/div>\n\n\n\n<div class=\"wp-block-qubely-row qubely-section qubely-block-9d7d2d\"><div class=\"qubely-row-overlay\"><\/div><div class=\"qubely-container\"><div class=\"qubely-row \">\n<div class=\"wp-block-qubely-column qubely-column qubely-column-front qubely-block-07509c\"><div class=\"qubely-column-inner\">\n<div class=\"wp-block-qubely-infobox qubely-block-3b2086\"><div class=\"qubely-block-info-box  qubely-info-box-layout-2\"><div class=\"qubely-info-box-media qubely-media-has-bg\"><i class=\"qubely-info-box-icon fas fa-align-center\"><\/i><\/div><div class=\"qubely-info-box-body\"><div class=\"qubely-info-box-title-container  qubely-separator-position-top\"><div class=\"qubely-info-box-title-inner\"><h2 class=\"qubely-info-box-title\">Audit<\/h2><\/div><\/div><div class=\"qubely-info-box-content\"><div class=\"qubely-info-box-text\">Audit \u00e9nerg\u00e9tique pour identifier les besoins de r\u00e9novation<\/div><\/div><\/div><\/div><\/div>\n<\/div><\/div>\n<\/div><\/div><\/div>\n\n\n\n<div class=\"wp-block-qubely-row qubely-section qubely-block-0f7d69\"><div class=\"qubely-row-overlay\"><\/div><div class=\"qubely-container\"><div class=\"qubely-row \">\n<div class=\"wp-block-qubely-column qubely-column qubely-column-front qubely-block-729271\"><div class=\"qubely-column-inner\">\n<div class=\"wp-block-qubely-infobox qubely-block-37d2b8\"><div class=\"qubely-block-info-box  qubely-info-box-layout-2\"><div class=\"qubely-info-box-media qubely-media-has-bg\"><i class=\"qubely-info-box-icon fas fa-book-open\"><\/i><\/div><div class=\"qubely-info-box-body\"><div class=\"qubely-info-box-title-container  qubely-separator-position-top\"><div class=\"qubely-info-box-title-inner\"><h2 class=\"qubely-info-box-title\">Proposition<\/h2><\/div><\/div><div class=\"qubely-info-box-content\"><div class=\"qubely-info-box-text\">D&rsquo;une solution de r\u00e9novation sur mesure pour chaque entreprise<\/div><\/div><\/div><\/div><\/div>\n<\/div><\/div>\n<\/div><\/div><\/div>\n\n\n\n<div class=\"wp-block-qubely-row qubely-section qubely-block-dabe29\"><div class=\"qubely-row-overlay\"><\/div><div class=\"qubely-container\"><div class=\"qubely-row \">\n<div class=\"wp-block-qubely-column qubely-column qubely-column-front qubely-block-512e37\"><div class=\"qubely-column-inner\">\n<div class=\"wp-block-qubely-infobox qubely-block-6bbe66\"><div class=\"qubely-block-info-box  qubely-info-box-layout-2\"><div class=\"qubely-info-box-media qubely-media-has-bg\"><i class=\"qubely-info-box-icon fas fa-bullseye\"><\/i><\/div><div class=\"qubely-info-box-body\"><div class=\"qubely-info-box-title-container  qubely-separator-position-top\"><div class=\"qubely-info-box-title-inner\"><h2 class=\"qubely-info-box-title\">Gestion et pilotage<\/h2><\/div><\/div><div class=\"qubely-info-box-content\"><div class=\"qubely-info-box-text\">Des travaux de r\u00e9novation \u00e9nerg\u00e9tique pour garantir leur qualit\u00e9<\/div><\/div><\/div><\/div><\/div>\n<\/div><\/div>\n<\/div><\/div><\/div>\n\n\n\n<div class=\"wp-block-qubely-row qubely-section qubely-block-27c7fc\"><div class=\"qubely-row-overlay\"><\/div><div class=\"qubely-container\"><div class=\"qubely-row \">\n<div class=\"wp-block-qubely-column qubely-column qubely-column-front qubely-block-e056be\"><div class=\"qubely-column-inner\">\n<div class=\"wp-block-qubely-infobox qubely-block-6e56d9\"><div class=\"qubely-block-info-box  qubely-info-box-layout-2\"><div class=\"qubely-info-box-media qubely-media-has-bg\"><i class=\"qubely-info-box-icon fas fa-comment\"><\/i><\/div><div class=\"qubely-info-box-body\"><div class=\"qubely-info-box-title-container  qubely-separator-position-top\"><div class=\"qubely-info-box-title-inner\"><h2 class=\"qubely-info-box-title\">Conseil et suivi<\/h2><\/div><\/div><div class=\"qubely-info-box-content\"><div class=\"qubely-info-box-text\">Post-travaux pour optimiser l&rsquo;efficacit\u00e9 \u00e9nerg\u00e9tique des locaux professionnels<\/div><\/div><\/div><\/div><\/div>\n<\/div><\/div>\n<\/div><\/div><\/div>\n\n\n\n<div class=\"wp-block-qubely-row alignfull qubely-section qubely-block-49888d\"><div class=\"qubely-row-overlay\"><\/div><div class=\"qubely-container\"><div class=\"qubely-row \">\n<div class=\"wp-block-qubely-column qubely-column qubely-column-front qubely-block-778277\"><div class=\"qubely-column-inner\">\n<div class=\"wp-block-qubely-heading aligncenter qubely-block-137f00\" id=\"6-un-expert-vous-r%C3%A9ponds\"><div class=\"qubely-block-heading  \"><div class=\"qubely-heading-container\"><h2 class=\"qubely-heading-selector\"><strong>Un expert vous r\u00e9ponds<\/strong><\/h2><\/div><\/div><\/div>\n\n\n\n<p class=\"wp-block-paragraph\"><\/p>\n\n\n\n<div class=\"wp-block-qubely-button qubely-block-0de030\"><div class=\"qubely-block-btn-wrapper \"><div class=\"qubely-block-btn\"><a class=\"qubely-block-btn-anchor is-large\" href=\"https:\/\/www.clarum-services.com\/index.php\/contact-2\/\">Contactez-nous<\/a><\/div><\/div><\/div>\n<\/div><\/div>\n<\/div><\/div><\/div>\n\n\n\n<div class=\"wp-block-columns is-layout-flex wp-container-core-columns-is-layout-995f960e wp-block-columns-is-layout-flex\">\n<div class=\"wp-block-column is-layout-flow wp-block-column-is-layout-flow\" style=\"flex-basis:100%\"><\/div>\n<\/div>\n","protected":false},"excerpt":{"rendered":"<p>Les b\u00e2timents sont responsables de 40% de la consommation d&rsquo;\u00e9nergie en France, et les espaces de travail ne font pas exception. Pour les entreprises soucieuses de leur empreinte \u00e9cologique et de leurs co\u00fbts \u00e9nerg\u00e9tiques, la r\u00e9novation \u00e9nerg\u00e9tique de leurs locaux peut \u00eatre une solution int\u00e9ressante. Dans cet article, nous vous expliquerons comment r\u00e9nover votre bureau pour am\u00e9liorer son efficacit\u00e9 \u00e9nerg\u00e9tique, tout en r\u00e9duisant vos co\u00fbts et en am\u00e9liorant votre confort.<\/p>\n","protected":false},"author":1,"featured_media":1631,"comment_status":"closed","ping_status":"open","sticky":false,"template":"","format":"standard","meta":{"qubely_global_settings":"","qubely_interactions":"","_monsterinsights_skip_tracking":false,"footnotes":""},"categories":[10],"tags":[],"class_list":["post-1629","post","type-post","status-publish","format-standard","has-post-thumbnail","hentry","category-le-saviez-vous"],"blocksy_meta":{"styles_descriptor":{"styles":{"desktop":"","tablet":"","mobile":""},"google_fonts":[],"version":6}},"qubely_featured_image_url":{"full":["https:\/\/www.clarum-services.com\/wp-content\/uploads\/2023\/05\/the_energy_renovation_of_profess_60cc9bff-214f-42db-b16c-96157b6e6c0b.png",1024,1024,false],"landscape":["https:\/\/www.clarum-services.com\/wp-content\/uploads\/2023\/05\/the_energy_renovation_of_profess_60cc9bff-214f-42db-b16c-96157b6e6c0b-1024x750.png",1024,750,true],"portraits":["https:\/\/www.clarum-services.com\/wp-content\/uploads\/2023\/05\/the_energy_renovation_of_profess_60cc9bff-214f-42db-b16c-96157b6e6c0b-540x320.png",540,320,true],"thumbnail":["https:\/\/www.clarum-services.com\/wp-content\/uploads\/2023\/05\/the_energy_renovation_of_profess_60cc9bff-214f-42db-b16c-96157b6e6c0b-150x150.png",150,150,true],"medium":["https:\/\/www.clarum-services.com\/wp-content\/uploads\/2023\/05\/the_energy_renovation_of_profess_60cc9bff-214f-42db-b16c-96157b6e6c0b-300x300.png",300,300,true],"medium_large":["https:\/\/www.clarum-services.com\/wp-content\/uploads\/2023\/05\/the_energy_renovation_of_profess_60cc9bff-214f-42db-b16c-96157b6e6c0b-768x768.png",768,768,true],"large":["https:\/\/www.clarum-services.com\/wp-content\/uploads\/2023\/05\/the_energy_renovation_of_profess_60cc9bff-214f-42db-b16c-96157b6e6c0b.png",1024,1024,false],"1536x1536":["https:\/\/www.clarum-services.com\/wp-content\/uploads\/2023\/05\/the_energy_renovation_of_profess_60cc9bff-214f-42db-b16c-96157b6e6c0b.png",1024,1024,false],"2048x2048":["https:\/\/www.clarum-services.com\/wp-content\/uploads\/2023\/05\/the_energy_renovation_of_profess_60cc9bff-214f-42db-b16c-96157b6e6c0b.png",1024,1024,false],"qubely_landscape":["https:\/\/www.clarum-services.com\/wp-content\/uploads\/2023\/05\/the_energy_renovation_of_profess_60cc9bff-214f-42db-b16c-96157b6e6c0b-1024x750.png",1024,750,true],"qubely_portrait":["https:\/\/www.clarum-services.com\/wp-content\/uploads\/2023\/05\/the_energy_renovation_of_profess_60cc9bff-214f-42db-b16c-96157b6e6c0b-540x320.png",540,320,true],"qubely_thumbnail":["https:\/\/www.clarum-services.com\/wp-content\/uploads\/2023\/05\/the_energy_renovation_of_profess_60cc9bff-214f-42db-b16c-96157b6e6c0b-140x100.png",140,100,true]},"qubely_author":{"display_name":"Pouchon","author_link":"https:\/\/www.clarum-services.com\/index.php\/author\/pouchon\/"},"qubely_comment":0,"qubely_category":"<a href=\"https:\/\/www.clarum-services.com\/index.php\/category\/news\/le-saviez-vous\/\" rel=\"category tag\">Le saviez-vous<\/a>","qubely_excerpt":"Les b\u00e2timents sont responsables de 40% de la consommation d'\u00e9nergie en France, et les espaces de travail ne font pas exception. Pour les entreprises soucieuses de leur empreinte \u00e9cologique et de leurs co\u00fbts \u00e9nerg\u00e9tiques, la r\u00e9novation \u00e9nerg\u00e9tique de leurs locaux peut \u00eatre une solution int\u00e9ressante. Dans cet article, nous vous expliquerons comment r\u00e9nover votre bureau\u2026","yoast_head":"<!-- This site is optimized with the Yoast SEO plugin v28.3 - https:\/\/yoast.com\/product\/yoast-seo-wordpress\/ -->\n<title>La r\u00e9novation \u00e9nerg\u00e9tique des locaux professionnels - Clarum Services<\/title>\n<meta name=\"robots\" content=\"index, follow, max-snippet:-1, max-image-preview:large, max-video-preview:-1\" \/>\n<link rel=\"canonical\" href=\"https:\/\/www.clarum-services.com\/index.php\/2023\/05\/09\/la-renovation-energetique-des-locaux-professionnels\/\" \/>\n<meta property=\"og:locale\" content=\"fr_FR\" \/>\n<meta property=\"og:type\" content=\"article\" \/>\n<meta property=\"og:title\" content=\"La r\u00e9novation \u00e9nerg\u00e9tique des locaux professionnels - Clarum Services\" \/>\n<meta property=\"og:description\" content=\"Les b\u00e2timents sont responsables de 40% de la consommation d&#039;\u00e9nergie en France, et les espaces de travail ne font pas exception. Pour les entreprises soucieuses de leur empreinte \u00e9cologique et de leurs co\u00fbts \u00e9nerg\u00e9tiques, la r\u00e9novation \u00e9nerg\u00e9tique de leurs locaux peut \u00eatre une solution int\u00e9ressante. Dans cet article, nous vous expliquerons comment r\u00e9nover votre bureau pour am\u00e9liorer son efficacit\u00e9 \u00e9nerg\u00e9tique, tout en r\u00e9duisant vos co\u00fbts et en am\u00e9liorant votre confort.\" \/>\n<meta property=\"og:url\" content=\"https:\/\/www.clarum-services.com\/index.php\/2023\/05\/09\/la-renovation-energetique-des-locaux-professionnels\/\" \/>\n<meta property=\"og:site_name\" content=\"Clarum Services\" \/>\n<meta property=\"article:published_time\" content=\"2023-05-08T23:12:51+00:00\" \/>\n<meta property=\"article:modified_time\" content=\"2023-05-08T23:47:45+00:00\" \/>\n<meta property=\"og:image\" content=\"https:\/\/www.clarum-services.com\/wp-content\/uploads\/2023\/05\/the_energy_renovation_of_profess_60cc9bff-214f-42db-b16c-96157b6e6c0b.png\" \/>\n\t<meta property=\"og:image:width\" content=\"1024\" \/>\n\t<meta property=\"og:image:height\" content=\"1024\" \/>\n\t<meta property=\"og:image:type\" content=\"image\/png\" \/>\n<meta name=\"author\" content=\"Pouchon\" \/>\n<meta name=\"twitter:card\" content=\"summary_large_image\" \/>\n<meta name=\"twitter:label1\" content=\"\u00c9crit par\" \/>\n\t<meta name=\"twitter:data1\" content=\"Pouchon\" \/>\n\t<meta name=\"twitter:label2\" content=\"Dur\u00e9e de lecture estim\u00e9e\" \/>\n\t<meta name=\"twitter:data2\" content=\"5 minutes\" \/>\n<script type=\"application\/ld+json\" class=\"yoast-schema-graph\">{\"@context\":\"https:\\\/\\\/schema.org\",\"@graph\":[{\"@type\":\"Article\",\"@id\":\"https:\\\/\\\/www.clarum-services.com\\\/index.php\\\/2023\\\/05\\\/09\\\/la-renovation-energetique-des-locaux-professionnels\\\/#article\",\"isPartOf\":{\"@id\":\"https:\\\/\\\/www.clarum-services.com\\\/index.php\\\/2023\\\/05\\\/09\\\/la-renovation-energetique-des-locaux-professionnels\\\/\"},\"author\":{\"name\":\"Pouchon\",\"@id\":\"https:\\\/\\\/www.clarum-services.com\\\/#\\\/schema\\\/person\\\/e590291ab37829d6b633eb05da9ca250\"},\"headline\":\"La r\u00e9novation \u00e9nerg\u00e9tique des locaux professionnels\",\"datePublished\":\"2023-05-08T23:12:51+00:00\",\"dateModified\":\"2023-05-08T23:47:45+00:00\",\"mainEntityOfPage\":{\"@id\":\"https:\\\/\\\/www.clarum-services.com\\\/index.php\\\/2023\\\/05\\\/09\\\/la-renovation-energetique-des-locaux-professionnels\\\/\"},\"wordCount\":927,\"publisher\":{\"@id\":\"https:\\\/\\\/www.clarum-services.com\\\/#organization\"},\"image\":{\"@id\":\"https:\\\/\\\/www.clarum-services.com\\\/index.php\\\/2023\\\/05\\\/09\\\/la-renovation-energetique-des-locaux-professionnels\\\/#primaryimage\"},\"thumbnailUrl\":\"https:\\\/\\\/www.clarum-services.com\\\/wp-content\\\/uploads\\\/2023\\\/05\\\/the_energy_renovation_of_profess_60cc9bff-214f-42db-b16c-96157b6e6c0b.png\",\"articleSection\":[\"Le saviez-vous\"],\"inLanguage\":\"fr-FR\"},{\"@type\":\"WebPage\",\"@id\":\"https:\\\/\\\/www.clarum-services.com\\\/index.php\\\/2023\\\/05\\\/09\\\/la-renovation-energetique-des-locaux-professionnels\\\/\",\"url\":\"https:\\\/\\\/www.clarum-services.com\\\/index.php\\\/2023\\\/05\\\/09\\\/la-renovation-energetique-des-locaux-professionnels\\\/\",\"name\":\"La r\u00e9novation \u00e9nerg\u00e9tique des locaux professionnels - Clarum Services\",\"isPartOf\":{\"@id\":\"https:\\\/\\\/www.clarum-services.com\\\/#website\"},\"primaryImageOfPage\":{\"@id\":\"https:\\\/\\\/www.clarum-services.com\\\/index.php\\\/2023\\\/05\\\/09\\\/la-renovation-energetique-des-locaux-professionnels\\\/#primaryimage\"},\"image\":{\"@id\":\"https:\\\/\\\/www.clarum-services.com\\\/index.php\\\/2023\\\/05\\\/09\\\/la-renovation-energetique-des-locaux-professionnels\\\/#primaryimage\"},\"thumbnailUrl\":\"https:\\\/\\\/www.clarum-services.com\\\/wp-content\\\/uploads\\\/2023\\\/05\\\/the_energy_renovation_of_profess_60cc9bff-214f-42db-b16c-96157b6e6c0b.png\",\"datePublished\":\"2023-05-08T23:12:51+00:00\",\"dateModified\":\"2023-05-08T23:47:45+00:00\",\"breadcrumb\":{\"@id\":\"https:\\\/\\\/www.clarum-services.com\\\/index.php\\\/2023\\\/05\\\/09\\\/la-renovation-energetique-des-locaux-professionnels\\\/#breadcrumb\"},\"inLanguage\":\"fr-FR\",\"potentialAction\":[{\"@type\":\"ReadAction\",\"target\":[\"https:\\\/\\\/www.clarum-services.com\\\/index.php\\\/2023\\\/05\\\/09\\\/la-renovation-energetique-des-locaux-professionnels\\\/\"]}]},{\"@type\":\"ImageObject\",\"inLanguage\":\"fr-FR\",\"@id\":\"https:\\\/\\\/www.clarum-services.com\\\/index.php\\\/2023\\\/05\\\/09\\\/la-renovation-energetique-des-locaux-professionnels\\\/#primaryimage\",\"url\":\"https:\\\/\\\/www.clarum-services.com\\\/wp-content\\\/uploads\\\/2023\\\/05\\\/the_energy_renovation_of_profess_60cc9bff-214f-42db-b16c-96157b6e6c0b.png\",\"contentUrl\":\"https:\\\/\\\/www.clarum-services.com\\\/wp-content\\\/uploads\\\/2023\\\/05\\\/the_energy_renovation_of_profess_60cc9bff-214f-42db-b16c-96157b6e6c0b.png\",\"width\":1024,\"height\":1024},{\"@type\":\"BreadcrumbList\",\"@id\":\"https:\\\/\\\/www.clarum-services.com\\\/index.php\\\/2023\\\/05\\\/09\\\/la-renovation-energetique-des-locaux-professionnels\\\/#breadcrumb\",\"itemListElement\":[{\"@type\":\"ListItem\",\"position\":1,\"name\":\"Accueil\",\"item\":\"https:\\\/\\\/www.clarum-services.com\\\/\"},{\"@type\":\"ListItem\",\"position\":2,\"name\":\"La r\u00e9novation \u00e9nerg\u00e9tique des locaux professionnels\"}]},{\"@type\":\"WebSite\",\"@id\":\"https:\\\/\\\/www.clarum-services.com\\\/#website\",\"url\":\"https:\\\/\\\/www.clarum-services.com\\\/\",\"name\":\"Clarum Services\",\"description\":\"La force du service\",\"publisher\":{\"@id\":\"https:\\\/\\\/www.clarum-services.com\\\/#organization\"},\"potentialAction\":[{\"@type\":\"SearchAction\",\"target\":{\"@type\":\"EntryPoint\",\"urlTemplate\":\"https:\\\/\\\/www.clarum-services.com\\\/?s={search_term_string}\"},\"query-input\":{\"@type\":\"PropertyValueSpecification\",\"valueRequired\":true,\"valueName\":\"search_term_string\"}}],\"inLanguage\":\"fr-FR\"},{\"@type\":\"Organization\",\"@id\":\"https:\\\/\\\/www.clarum-services.com\\\/#organization\",\"name\":\"Clarum Services\",\"url\":\"https:\\\/\\\/www.clarum-services.com\\\/\",\"logo\":{\"@type\":\"ImageObject\",\"inLanguage\":\"fr-FR\",\"@id\":\"https:\\\/\\\/www.clarum-services.com\\\/#\\\/schema\\\/logo\\\/image\\\/\",\"url\":\"https:\\\/\\\/www.clarum-services.com\\\/wp-content\\\/uploads\\\/2021\\\/06\\\/petit_logo1_noir.png\",\"contentUrl\":\"https:\\\/\\\/www.clarum-services.com\\\/wp-content\\\/uploads\\\/2021\\\/06\\\/petit_logo1_noir.png\",\"width\":1240,\"height\":874,\"caption\":\"Clarum Services\"},\"image\":{\"@id\":\"https:\\\/\\\/www.clarum-services.com\\\/#\\\/schema\\\/logo\\\/image\\\/\"}},{\"@type\":\"Person\",\"@id\":\"https:\\\/\\\/www.clarum-services.com\\\/#\\\/schema\\\/person\\\/e590291ab37829d6b633eb05da9ca250\",\"name\":\"Pouchon\",\"image\":{\"@type\":\"ImageObject\",\"inLanguage\":\"fr-FR\",\"@id\":\"https:\\\/\\\/secure.gravatar.com\\\/avatar\\\/2b32a61f1edd4c39add956dd02a964a7f3d8ad49f0481d0ea75c0a3f1826c2a2?s=96&d=mm&r=g\",\"url\":\"https:\\\/\\\/secure.gravatar.com\\\/avatar\\\/2b32a61f1edd4c39add956dd02a964a7f3d8ad49f0481d0ea75c0a3f1826c2a2?s=96&d=mm&r=g\",\"contentUrl\":\"https:\\\/\\\/secure.gravatar.com\\\/avatar\\\/2b32a61f1edd4c39add956dd02a964a7f3d8ad49f0481d0ea75c0a3f1826c2a2?s=96&d=mm&r=g\",\"caption\":\"Pouchon\"},\"sameAs\":[\"http:\\\/\\\/localhost\\\/Clarum%20Services%20WP\"],\"url\":\"https:\\\/\\\/www.clarum-services.com\\\/index.php\\\/author\\\/pouchon\\\/\"}]}<\/script>\n<!-- \/ Yoast SEO plugin. -->","yoast_head_json":{"title":"La r\u00e9novation \u00e9nerg\u00e9tique des locaux professionnels - Clarum Services","robots":{"index":"index","follow":"follow","max-snippet":"max-snippet:-1","max-image-preview":"max-image-preview:large","max-video-preview":"max-video-preview:-1"},"canonical":"https:\/\/www.clarum-services.com\/index.php\/2023\/05\/09\/la-renovation-energetique-des-locaux-professionnels\/","og_locale":"fr_FR","og_type":"article","og_title":"La r\u00e9novation \u00e9nerg\u00e9tique des locaux professionnels - Clarum Services","og_description":"Les b\u00e2timents sont responsables de 40% de la consommation d'\u00e9nergie en France, et les espaces de travail ne font pas exception. Pour les entreprises soucieuses de leur empreinte \u00e9cologique et de leurs co\u00fbts \u00e9nerg\u00e9tiques, la r\u00e9novation \u00e9nerg\u00e9tique de leurs locaux peut \u00eatre une solution int\u00e9ressante. Dans cet article, nous vous expliquerons comment r\u00e9nover votre bureau pour am\u00e9liorer son efficacit\u00e9 \u00e9nerg\u00e9tique, tout en r\u00e9duisant vos co\u00fbts et en am\u00e9liorant votre confort.","og_url":"https:\/\/www.clarum-services.com\/index.php\/2023\/05\/09\/la-renovation-energetique-des-locaux-professionnels\/","og_site_name":"Clarum Services","article_published_time":"2023-05-08T23:12:51+00:00","article_modified_time":"2023-05-08T23:47:45+00:00","og_image":[{"width":1024,"height":1024,"url":"https:\/\/www.clarum-services.com\/wp-content\/uploads\/2023\/05\/the_energy_renovation_of_profess_60cc9bff-214f-42db-b16c-96157b6e6c0b.png","type":"image\/png"}],"author":"Pouchon","twitter_card":"summary_large_image","twitter_misc":{"\u00c9crit par":"Pouchon","Dur\u00e9e de lecture estim\u00e9e":"5 minutes"},"schema":{"@context":"https:\/\/schema.org","@graph":[{"@type":"Article","@id":"https:\/\/www.clarum-services.com\/index.php\/2023\/05\/09\/la-renovation-energetique-des-locaux-professionnels\/#article","isPartOf":{"@id":"https:\/\/www.clarum-services.com\/index.php\/2023\/05\/09\/la-renovation-energetique-des-locaux-professionnels\/"},"author":{"name":"Pouchon","@id":"https:\/\/www.clarum-services.com\/#\/schema\/person\/e590291ab37829d6b633eb05da9ca250"},"headline":"La r\u00e9novation \u00e9nerg\u00e9tique des locaux professionnels","datePublished":"2023-05-08T23:12:51+00:00","dateModified":"2023-05-08T23:47:45+00:00","mainEntityOfPage":{"@id":"https:\/\/www.clarum-services.com\/index.php\/2023\/05\/09\/la-renovation-energetique-des-locaux-professionnels\/"},"wordCount":927,"publisher":{"@id":"https:\/\/www.clarum-services.com\/#organization"},"image":{"@id":"https:\/\/www.clarum-services.com\/index.php\/2023\/05\/09\/la-renovation-energetique-des-locaux-professionnels\/#primaryimage"},"thumbnailUrl":"https:\/\/www.clarum-services.com\/wp-content\/uploads\/2023\/05\/the_energy_renovation_of_profess_60cc9bff-214f-42db-b16c-96157b6e6c0b.png","articleSection":["Le saviez-vous"],"inLanguage":"fr-FR"},{"@type":"WebPage","@id":"https:\/\/www.clarum-services.com\/index.php\/2023\/05\/09\/la-renovation-energetique-des-locaux-professionnels\/","url":"https:\/\/www.clarum-services.com\/index.php\/2023\/05\/09\/la-renovation-energetique-des-locaux-professionnels\/","name":"La r\u00e9novation \u00e9nerg\u00e9tique des locaux professionnels - Clarum Services","isPartOf":{"@id":"https:\/\/www.clarum-services.com\/#website"},"primaryImageOfPage":{"@id":"https:\/\/www.clarum-services.com\/index.php\/2023\/05\/09\/la-renovation-energetique-des-locaux-professionnels\/#primaryimage"},"image":{"@id":"https:\/\/www.clarum-services.com\/index.php\/2023\/05\/09\/la-renovation-energetique-des-locaux-professionnels\/#primaryimage"},"thumbnailUrl":"https:\/\/www.clarum-services.com\/wp-content\/uploads\/2023\/05\/the_energy_renovation_of_profess_60cc9bff-214f-42db-b16c-96157b6e6c0b.png","datePublished":"2023-05-08T23:12:51+00:00","dateModified":"2023-05-08T23:47:45+00:00","breadcrumb":{"@id":"https:\/\/www.clarum-services.com\/index.php\/2023\/05\/09\/la-renovation-energetique-des-locaux-professionnels\/#breadcrumb"},"inLanguage":"fr-FR","potentialAction":[{"@type":"ReadAction","target":["https:\/\/www.clarum-services.com\/index.php\/2023\/05\/09\/la-renovation-energetique-des-locaux-professionnels\/"]}]},{"@type":"ImageObject","inLanguage":"fr-FR","@id":"https:\/\/www.clarum-services.com\/index.php\/2023\/05\/09\/la-renovation-energetique-des-locaux-professionnels\/#primaryimage","url":"https:\/\/www.clarum-services.com\/wp-content\/uploads\/2023\/05\/the_energy_renovation_of_profess_60cc9bff-214f-42db-b16c-96157b6e6c0b.png","contentUrl":"https:\/\/www.clarum-services.com\/wp-content\/uploads\/2023\/05\/the_energy_renovation_of_profess_60cc9bff-214f-42db-b16c-96157b6e6c0b.png","width":1024,"height":1024},{"@type":"BreadcrumbList","@id":"https:\/\/www.clarum-services.com\/index.php\/2023\/05\/09\/la-renovation-energetique-des-locaux-professionnels\/#breadcrumb","itemListElement":[{"@type":"ListItem","position":1,"name":"Accueil","item":"https:\/\/www.clarum-services.com\/"},{"@type":"ListItem","position":2,"name":"La r\u00e9novation \u00e9nerg\u00e9tique des locaux professionnels"}]},{"@type":"WebSite","@id":"https:\/\/www.clarum-services.com\/#website","url":"https:\/\/www.clarum-services.com\/","name":"Clarum Services","description":"La force du service","publisher":{"@id":"https:\/\/www.clarum-services.com\/#organization"},"potentialAction":[{"@type":"SearchAction","target":{"@type":"EntryPoint","urlTemplate":"https:\/\/www.clarum-services.com\/?s={search_term_string}"},"query-input":{"@type":"PropertyValueSpecification","valueRequired":true,"valueName":"search_term_string"}}],"inLanguage":"fr-FR"},{"@type":"Organization","@id":"https:\/\/www.clarum-services.com\/#organization","name":"Clarum Services","url":"https:\/\/www.clarum-services.com\/","logo":{"@type":"ImageObject","inLanguage":"fr-FR","@id":"https:\/\/www.clarum-services.com\/#\/schema\/logo\/image\/","url":"https:\/\/www.clarum-services.com\/wp-content\/uploads\/2021\/06\/petit_logo1_noir.png","contentUrl":"https:\/\/www.clarum-services.com\/wp-content\/uploads\/2021\/06\/petit_logo1_noir.png","width":1240,"height":874,"caption":"Clarum Services"},"image":{"@id":"https:\/\/www.clarum-services.com\/#\/schema\/logo\/image\/"}},{"@type":"Person","@id":"https:\/\/www.clarum-services.com\/#\/schema\/person\/e590291ab37829d6b633eb05da9ca250","name":"Pouchon","image":{"@type":"ImageObject","inLanguage":"fr-FR","@id":"https:\/\/secure.gravatar.com\/avatar\/2b32a61f1edd4c39add956dd02a964a7f3d8ad49f0481d0ea75c0a3f1826c2a2?s=96&d=mm&r=g","url":"https:\/\/secure.gravatar.com\/avatar\/2b32a61f1edd4c39add956dd02a964a7f3d8ad49f0481d0ea75c0a3f1826c2a2?s=96&d=mm&r=g","contentUrl":"https:\/\/secure.gravatar.com\/avatar\/2b32a61f1edd4c39add956dd02a964a7f3d8ad49f0481d0ea75c0a3f1826c2a2?s=96&d=mm&r=g","caption":"Pouchon"},"sameAs":["http:\/\/localhost\/Clarum%20Services%20WP"],"url":"https:\/\/www.clarum-services.com\/index.php\/author\/pouchon\/"}]}},"_links":{"self":[{"href":"https:\/\/www.clarum-services.com\/index.php\/wp-json\/wp\/v2\/posts\/1629","targetHints":{"allow":["GET"]}}],"collection":[{"href":"https:\/\/www.clarum-services.com\/index.php\/wp-json\/wp\/v2\/posts"}],"about":[{"href":"https:\/\/www.clarum-services.com\/index.php\/wp-json\/wp\/v2\/types\/post"}],"author":[{"embeddable":true,"href":"https:\/\/www.clarum-services.com\/index.php\/wp-json\/wp\/v2\/users\/1"}],"replies":[{"embeddable":true,"href":"https:\/\/www.clarum-services.com\/index.php\/wp-json\/wp\/v2\/comments?post=1629"}],"version-history":[{"count":21,"href":"https:\/\/www.clarum-services.com\/index.php\/wp-json\/wp\/v2\/posts\/1629\/revisions"}],"predecessor-version":[{"id":1658,"href":"https:\/\/www.clarum-services.com\/index.php\/wp-json\/wp\/v2\/posts\/1629\/revisions\/1658"}],"wp:featuredmedia":[{"embeddable":true,"href":"https:\/\/www.clarum-services.com\/index.php\/wp-json\/wp\/v2\/media\/1631"}],"wp:attachment":[{"href":"https:\/\/www.clarum-services.com\/index.php\/wp-json\/wp\/v2\/media?parent=1629"}],"wp:term":[{"taxonomy":"category","embeddable":true,"href":"https:\/\/www.clarum-services.com\/index.php\/wp-json\/wp\/v2\/categories?post=1629"},{"taxonomy":"post_tag","embeddable":true,"href":"https:\/\/www.clarum-services.com\/index.php\/wp-json\/wp\/v2\/tags?post=1629"}],"curies":[{"name":"wp","href":"https:\/\/api.w.org\/{rel}","templated":true}]}}