{"id":1659,"date":"2023-05-09T18:58:11","date_gmt":"2023-05-09T16:58:11","guid":{"rendered":"https:\/\/www.clarum-services.com\/?p=1659"},"modified":"2023-05-09T19:58:16","modified_gmt":"2023-05-09T17:58:16","slug":"la-vegetalisation-des-espaces-de-travail","status":"publish","type":"post","link":"https:\/\/www.clarum-services.com\/index.php\/2023\/05\/09\/la-vegetalisation-des-espaces-de-travail\/","title":{"rendered":"La v\u00e9g\u00e9talisation des espaces de travail"},"content":{"rendered":"\n<div class=\"wp-block-qubely-row qubely-section qubely-block-725874\"><div class=\"qubely-row-overlay\"><\/div><div class=\"qubely-container\"><div class=\"qubely-row \">\n<div class=\"wp-block-qubely-column qubely-column qubely-column-front qubely-block-f24534\"><div class=\"qubely-column-inner\">\n<div class=\"wp-block-qubely-text qubely-block-6b2159\" id=\"1-\"><div class=\"qubely-block-text  \"><div class=\"qubely-block-text-title-container  qubely-separator-position-top\"><div class=\"qubely-block-text-title-inner\"><h6 class=\"qubely-block-text-title\"><\/h6><\/div><\/div><p>La v\u00e9g\u00e9talisation des espaces de travail est de plus en plus populaire, et ce n&rsquo;est pas surprenant. Les plantes ajoutent de la couleur, de la texture et de la vie aux bureaux, tout en offrant de nombreux avantages pour la sant\u00e9 et le bien-\u00eatre des employ\u00e9s.<\/p><\/div><\/div>\n<\/div><\/div>\n<\/div><\/div><\/div>\n\n\n\n<div class=\"wp-block-qubely-row qubely-section qubely-block-7786fe\"><div class=\"qubely-row-overlay\"><\/div><div class=\"qubely-container\"><div class=\"qubely-row \">\n<div class=\"wp-block-qubely-column qubely-column qubely-column-front qubely-block-c0435a\"><div class=\"qubely-column-inner\">\n<div class=\"wp-block-qubely-text qubely-block-1686e0\" id=\"2-les-avantages-de-la-v%C3%A9g%C3%A9talisation-des-espaces-de-travail-\"><div class=\"qubely-block-text  \"><div class=\"qubely-block-text-title-container  qubely-separator-position-top\"><div class=\"qubely-block-text-title-inner\"><h6 class=\"qubely-block-text-title\">Les avantages de la v\u00e9g\u00e9talisation des espaces de travail<br><\/h6><\/div><\/div><p>La v\u00e9g\u00e9talisation des espaces de travail peut avoir un impact positif sur la sant\u00e9 mentale et physique des employ\u00e9s. Les plantes <strong>r\u00e9duisent le stress, augmentent la productivit\u00e9 et am\u00e9liorent la qualit\u00e9 de l&rsquo;air<\/strong>. Elles aident \u00e9galement \u00e0 cr\u00e9er <strong>une ambiance plus agr\u00e9able et d\u00e9tendue<\/strong> au sein de l&rsquo;entreprise, ce qui peut am\u00e9liorer l&rsquo;humeur et la motivation.<br>En plus de cela, les plantes peuvent \u00e9galement<strong> r\u00e9duire le bruit dans l&rsquo;espace de travail<\/strong>, en absorbant les sons et en r\u00e9duisant les \u00e9chos. Elles peuvent aussi r\u00e9guler la temp\u00e9rature en fournissant de l&rsquo;ombre et en \u00e9vaporant de l&rsquo;eau, ce qui peut aider \u00e0 r\u00e9duire les co\u00fbts de climatisation en \u00e9t\u00e9.<\/p><\/div><\/div>\n<\/div><\/div>\n<\/div><\/div><\/div>\n\n\n\n<div class=\"wp-block-columns is-layout-flex wp-container-core-columns-is-layout-995f960e wp-block-columns-is-layout-flex\">\n<div class=\"wp-block-column is-layout-flow wp-block-column-is-layout-flow\" style=\"flex-basis:100%\">\n<div class=\"wp-block-qubely-row qubely-section qubely-block-394654\"><div class=\"qubely-row-overlay\"><\/div><div class=\"qubely-container\"><div class=\"qubely-row \">\n<div class=\"wp-block-qubely-column qubely-column qubely-column-front qubely-block-c3b30f\"><div class=\"qubely-column-inner\">\n<div class=\"wp-block-qubely-image qubely-block-f62dd5\"><div class=\"qubely-block-image  qubely-image-layout-simple\"><div class=\"qubely-image-media qubely-vertical-alignment-center qubely-horizontal-alignment-center\"><figure><div class=\"qubely-image-container\"><img decoding=\"async\" class=\"qubely-image-image\" src=\"https:\/\/www.clarum-services.com\/wp-content\/uploads\/2023\/05\/4_inspiring_images_of_modern_openspace_offices_in_wh_424ff0db-1039-453b-9ac1-207db1086dcc.png\" alt=\"\"\/><\/div><\/figure><\/div><\/div><\/div>\n<\/div><\/div>\n\n\n\n<div class=\"wp-block-qubely-column qubely-column qubely-column-front qubely-block-93e17c\"><div class=\"qubely-column-inner\">\n<div class=\"wp-block-qubely-image qubely-block-168aac\"><div class=\"qubely-block-image  qubely-image-layout-simple\"><div class=\"qubely-image-media qubely-vertical-alignment-center qubely-horizontal-alignment-center\"><figure><div class=\"qubely-image-container\"><img decoding=\"async\" class=\"qubely-image-image\" src=\"https:\/\/www.clarum-services.com\/wp-content\/uploads\/2023\/05\/3inspiring_images_of_modern_openspace_offices_in_wh_225d5d52-02d3-4011-af98-4f3db1212a69.png\" alt=\"\"\/><\/div><\/figure><\/div><\/div><\/div>\n<\/div><\/div>\n\n\n\n<div class=\"wp-block-qubely-column qubely-column qubely-column-front qubely-block-11d958\"><div class=\"qubely-column-inner\">\n<div class=\"wp-block-qubely-image qubely-block-2b92fc\"><div class=\"qubely-block-image  qubely-image-layout-simple\"><div class=\"qubely-image-media qubely-vertical-alignment-center qubely-horizontal-alignment-center\"><figure><div class=\"qubely-image-container\"><img decoding=\"async\" class=\"qubely-image-image\" src=\"https:\/\/www.clarum-services.com\/wp-content\/uploads\/2023\/05\/2inspiring_images_of_modern_openspace_offices_in_wh_2c06d13b-cd72-4245-a78c-5e6a5e7bc193.png\" alt=\"\"\/><\/div><\/figure><\/div><\/div><\/div>\n<\/div><\/div>\n<\/div><\/div><\/div>\n<\/div>\n<\/div>\n\n\n\n<div class=\"wp-block-qubely-row qubely-section qubely-block-32dc93\"><div class=\"qubely-row-overlay\"><\/div><div class=\"qubely-container\"><div class=\"qubely-row \">\n<div class=\"wp-block-qubely-column qubely-column qubely-column-front qubely-block-c0b70d\"><div class=\"qubely-column-inner\">\n<div class=\"wp-block-qubely-row qubely-section qubely-block-32e9c4\"><div class=\"qubely-row-overlay\"><\/div><div class=\"qubely-container\"><div class=\"qubely-row \">\n<div class=\"wp-block-qubely-column qubely-column qubely-column-front qubely-block-3f48ad\"><div class=\"qubely-column-inner\">\n<div class=\"wp-block-qubely-row qubely-section qubely-block-a856af\"><div class=\"qubely-row-overlay\"><\/div><div class=\"qubely-container\"><div class=\"qubely-row \">\n<div class=\"wp-block-qubely-column qubely-column qubely-column-front qubely-block-03da37\"><div class=\"qubely-column-inner\">\n<div class=\"wp-block-qubely-text qubely-block-6245b2\" id=\"3-les-types-de-plantes-pour-les-espaces-de-travail-\"><div class=\"qubely-block-text  \"><div class=\"qubely-block-text-title-container  qubely-separator-position-top\"><div class=\"qubely-block-text-title-inner\"><h6 class=\"qubely-block-text-title\">Les types de plantes pour les espaces de travail<br><\/h6><\/div><\/div><p>Il y a une grande vari\u00e9t\u00e9 de plantes adapt\u00e9es aux espaces de travail. Les plantes succulentes sont une option populaire car elles sont faciles \u00e0 entretenir et ont besoin de peu d&rsquo;eau. Les plantes d&rsquo;int\u00e9rieur telles que les ficus, les palmiers et les plantes de caoutchouc sont \u00e9galement des choix courants, car elles ont des feuilles larges qui peuvent absorber les polluants de l&rsquo;air.<br>Les plantes grimpantes sont \u00e9galement une option int\u00e9ressante pour les espaces de travail. Elles peuvent \u00eatre install\u00e9es sur des murs pour cr\u00e9er des designs uniques et int\u00e9ressants. Les plantes grimpantes peuvent \u00e9galement aider \u00e0 purifier l&rsquo;air en absorbant les produits chimiques et les polluants.<\/p><\/div><\/div>\n<\/div><\/div>\n<\/div><\/div><\/div>\n\n\n\n<div class=\"wp-block-qubely-table alignwide qubely-block-c515d4\"><div class=\"qubely-block-table row-stripe fixed-width\"><figure class=\"qubely-table-figure\"><table style=\"width:100%\" class=\"qubely-table no-horizontal-border\"><thead><tr class=\"head-row\"><th class=\"qubely-block-table_cell-content\">Plantes<\/th><th class=\"qubely-block-table_cell-content\" rowspan=\"1\">Niveau de lumi\u00e8re<\/th><th class=\"qubely-block-table_cell-content\" rowspan=\"1\">Niveau d&rsquo;humidit\u00e9<\/th><th class=\"qubely-block-table_cell-content\" rowspan=\"1\">Temp\u00e9rature ambiante<\/th><th class=\"qubely-block-table_cell-content\" rowspan=\"1\">Taille<\/th><\/tr><\/thead><tbody><tr class=\"\"><td class=\"qubely-block-table_cell-content\">Philodendron<\/td><td class=\"qubely-block-table_cell-content\" rowspan=\"1\">Faible \u00e0 moyenne<\/td><td class=\"qubely-block-table_cell-content\" rowspan=\"1\">Moyen<\/td><td class=\"qubely-block-table_cell-content\" rowspan=\"1\">18-27\u00b0C<\/td><td class=\"qubely-block-table_cell-content\" rowspan=\"1\">Moyenne \u00e0 grande<\/td><\/tr><tr class=\"\"><td class=\"qubely-block-table_cell-content\">Pothos<\/td><td class=\"qubely-block-table_cell-content\" rowspan=\"1\">Faible \u00e0 moyenne<\/td><td class=\"qubely-block-table_cell-content\" rowspan=\"1\">Moyen<\/td><td class=\"qubely-block-table_cell-content\" rowspan=\"1\">18-27\u00b0C<\/td><td class=\"qubely-block-table_cell-content\" rowspan=\"1\">Moyenne \u00e0 grande<\/td><\/tr><tr class=\"\"><td class=\"qubely-block-table_cell-content\">Sansevieria<\/td><td class=\"qubely-block-table_cell-content\" rowspan=\"1\">Faible \u00e0 \u00e9lev\u00e9e<\/td><td class=\"qubely-block-table_cell-content\" rowspan=\"1\">Faible<\/td><td class=\"qubely-block-table_cell-content\" rowspan=\"1\">16-24\u00b0C<\/td><td class=\"qubely-block-table_cell-content\" rowspan=\"1\">Petite \u00e0 moyenne<\/td><\/tr><tr class=\"\"><td class=\"qubely-block-table_cell-content\">Dracaena<\/td><td class=\"qubely-block-table_cell-content\" rowspan=\"1\">Faible \u00e0 moyenne<\/td><td class=\"qubely-block-table_cell-content\" rowspan=\"1\">Moyen<\/td><td class=\"qubely-block-table_cell-content\" rowspan=\"1\">18-24\u00b0C<\/td><td class=\"qubely-block-table_cell-content\" rowspan=\"1\">Petite \u00e0 grande<\/td><\/tr><tr class=\"\"><td class=\"qubely-block-table_cell-content\">Foug\u00e8re de Boston<\/td><td class=\"qubely-block-table_cell-content\" rowspan=\"1\">Faible \u00e0 moyenne<\/td><td class=\"qubely-block-table_cell-content\" rowspan=\"1\">Elev\u00e9e<\/td><td class=\"qubely-block-table_cell-content\" rowspan=\"1\">18-24\u00b0C<\/td><td class=\"qubely-block-table_cell-content\" rowspan=\"1\">Moyenne \u00e0 grande<\/td><\/tr><tr class=\"\"><td class=\"qubely-block-table_cell-content\">Schefflera<\/td><td class=\"qubely-block-table_cell-content\" rowspan=\"1\">Moyenne \u00e0 \u00e9lev\u00e9e<\/td><td class=\"qubely-block-table_cell-content\" rowspan=\"1\">Moyenne<\/td><td class=\"qubely-block-table_cell-content\" rowspan=\"1\">18-24\u00b0C<\/td><td class=\"qubely-block-table_cell-content\" rowspan=\"1\">Moyenne \u00e0 grande<\/td><\/tr><tr class=\"\"><td class=\"qubely-block-table_cell-content\">Aloe Vera<\/td><td class=\"qubely-block-table_cell-content\" rowspan=\"1\">Moyenne<\/td><td class=\"qubely-block-table_cell-content\" rowspan=\"1\">Faible<\/td><td class=\"qubely-block-table_cell-content\" rowspan=\"1\">18-27\u00b0C<\/td><td class=\"qubely-block-table_cell-content\" rowspan=\"1\">Petite<\/td><\/tr><tr class=\"\"><td class=\"qubely-block-table_cell-content\">Cactus<\/td><td class=\"qubely-block-table_cell-content\" rowspan=\"1\">Elev\u00e9e<\/td><td class=\"qubely-block-table_cell-content\" rowspan=\"1\">Faible<\/td><td class=\"qubely-block-table_cell-content\" rowspan=\"1\">16-27\u00b0C<\/td><td class=\"qubely-block-table_cell-content\" rowspan=\"1\">Petite<\/td><\/tr><\/tbody><\/table><\/figure><\/div><\/div>\n\n\n\n<div class=\"wp-block-qubely-text qubely-block-953bbe\"><div class=\"qubely-block-text  \"><div class=\"qubely-block-text-title-container  qubely-separator-position-top\"><div class=\"qubely-block-text-title-inner\"><h2 class=\"qubely-block-text-title\"><\/h2><\/div><\/div><p>Il est important de noter que les niveaux de lumi\u00e8re, d&rsquo;humidit\u00e9 et de temp\u00e9rature peuvent varier en fonction de l&#8217;emplacement des plantes dans l&rsquo;espace de travail. Il est donc conseill\u00e9 de bien observer les conditions de l&rsquo;environnement avant de choisir les plantes \u00e0 utiliser.<\/p><\/div><\/div>\n\n\n\n<div class=\"wp-block-qubely-text qubely-block-a5bc6b\" id=\"4---comment-int%C3%A9grer-la-v%C3%A9g%C3%A9talisation-dans-votre-entreprise-\"><div class=\"qubely-block-text  \"><div class=\"qubely-block-text-title-container  qubely-separator-position-top\"><div class=\"qubely-block-text-title-inner\"><h2 class=\"qubely-block-text-title\"><br><br>Comment int\u00e9grer la v\u00e9g\u00e9talisation dans votre entreprise<br><\/h2><\/div><\/div><p>La v\u00e9g\u00e9talisation des espaces de travail peut \u00eatre int\u00e9gr\u00e9e de diff\u00e9rentes mani\u00e8res, en fonction des besoins de votre entreprise. Vous pouvez installer des jardini\u00e8res sur les rebords de fen\u00eatres, des plantes en pot sur les bureaux, ou encore des murs v\u00e9g\u00e9taux pour couvrir les murs.<br>Il est important de tenir compte de la lumi\u00e8re naturelle disponible dans l&rsquo;espace de travail et de choisir des plantes adapt\u00e9es \u00e0 cet environnement. Il est \u00e9galement important de pr\u00e9voir un plan d&rsquo;entretien r\u00e9gulier pour assurer la bonne sant\u00e9 des plantes et leur dur\u00e9e de vie.<br><br>En conclusion, la v\u00e9g\u00e9talisation des espaces de travail est une tendance en plein essor qui offre de nombreux avantages pour la sant\u00e9 et le bien-\u00eatre des occupants, ainsi que pour la qualit\u00e9 de l&rsquo;air et l&rsquo;acoustique de l&rsquo;espace de travail. En int\u00e9grant des plantes dans votre entreprise, vous pouvez cr\u00e9er un environnement de travail plus agr\u00e9able, sain et productif.<br><\/p><\/div><\/div>\n\n\n\n<div class=\"wp-block-qubely-row qubely-section qubely-block-318def\"><div class=\"qubely-row-overlay\"><\/div><div class=\"qubely-container\"><div class=\"qubely-row \">\n<div class=\"wp-block-qubely-column qubely-column qubely-column-front qubely-block-211354\"><div class=\"qubely-column-inner\"><\/div><\/div>\n<\/div><\/div><\/div>\n<\/div><\/div>\n<\/div><\/div><\/div>\n\n\n\n<div class=\"wp-block-qubely-text qubely-block-8af3fa\" id=\"5-les-aides--\"><div class=\"qubely-block-text  \"><div class=\"qubely-block-text-title-container  qubely-separator-position-top\"><div class=\"qubely-block-text-title-inner\"><h2 class=\"qubely-block-text-title\"><br><br><\/h2><\/div><\/div><p><span style=\"color: #37a800;\" data=\"#37a800\" class=\"qubely-text-has-color\"><strong>Choisissez des plantes adapt\u00e9es \u00e0 votre espace :<\/strong><\/span> assurez-vous de s\u00e9lectionner des plantes qui s&rsquo;adaptent \u00e0 la quantit\u00e9 de lumi\u00e8re, \u00e0 la temp\u00e9rature et \u00e0 l&rsquo;humidit\u00e9 de votre espace. Par exemple, certaines plantes comme les foug\u00e8res ou les plantes tropicales n\u00e9cessitent une forte humidit\u00e9 pour survivre.<br><br><span style=\"color: #37a800;\" data=\"#37a800\" class=\"qubely-text-has-color\">J<strong>ouez avec les hauteurs et les textures :<\/strong> <\/span>en m\u00e9langeant diff\u00e9rentes hauteurs et textures de plantes, vous pouvez cr\u00e9er un espace de travail plus int\u00e9ressant et agr\u00e9able \u00e0 l&rsquo;\u0153il. Les plantes suspendues peuvent \u00e9galement ajouter de la dimension \u00e0 votre espace.<br><span style=\"color: #37a800;\" data=\"#37a800\" class=\"qubely-text-has-color\"><strong><br>\u00c9vitez les plantes allerg\u00e8nes : <\/strong><\/span>pour \u00e9viter les allergies, \u00e9vitez les plantes comme le lierre, l&rsquo;ambroisie ou la marguerite qui peuvent causer des r\u00e9actions allergiques.<br><br><span style=\"color: #37a800;\" data=\"#37a800\" class=\"qubely-text-has-color\"><strong>N&rsquo;oubliez pas l&rsquo;entretien :<\/strong><\/span> veillez \u00e0 ce que les plantes soient r\u00e9guli\u00e8rement arros\u00e9es, taill\u00e9es et nettoy\u00e9es pour \u00e9viter qu&rsquo;elles ne se fanent ou ne d\u00e9p\u00e9rissent.<br><br><span style=\"color: #37a800;\" data=\"#37a800\" class=\"qubely-text-has-color\"><strong>Int\u00e9grez des plantes comestibles :<\/strong><\/span> si votre entreprise dispose d&rsquo;une cuisine ou d&rsquo;une salle de pause, vous pouvez int\u00e9grer des plantes comestibles comme des herbes aromatiques ou des l\u00e9gumes pour offrir une option alimentaire fra\u00eeche et durable \u00e0 vos employ\u00e9s.<br><br>En suivant ces conseils, vous pouvez cr\u00e9er un espace de travail plus verdoyant, plus agr\u00e9able et plus durable pour vos employ\u00e9s et pour l&rsquo;environnement.<\/p><\/div><\/div>\n<\/div><\/div>\n<\/div><\/div><\/div>\n\n\n\n<div class=\"wp-block-qubely-row qubely-section qubely-block-bb5fb8\"><div class=\"qubely-row-overlay\"><\/div><div class=\"qubely-container\"><div class=\"qubely-row \">\n<div class=\"wp-block-qubely-column qubely-column qubely-column-front qubely-block-b31ab2\"><div class=\"qubely-column-inner\">\n<div class=\"wp-block-qubely-text qubely-block-09f5f6\" id=\"6-un-accompagnement-transparent-et-m%C3%A9thodique-\"><div class=\"qubely-block-text  \"><div class=\"qubely-block-text-title-container  qubely-separator-position-top\"><div class=\"qubely-block-text-title-inner\"><h2 class=\"qubely-block-text-title\">Parlons en !<br><\/h2><\/div><\/div><p>Chez Clarum Services, nous sommes conscients que la v\u00e9g\u00e9talisation des espaces de travail n\u00e9cessite un entretien r\u00e9gulier pour que les plantes puissent se d\u00e9velopper correctement et embellir votre espace de travail. C&rsquo;est pourquoi <strong>nous proposons un service d&rsquo;entretien des plantes<\/strong> pour les entreprises qui souhaitent profiter des bienfaits des v\u00e9g\u00e9taux sans avoir \u00e0 se soucier de leur maintenance. Nos agents veilleront \u00e0 ce que vos plantes soient bien arros\u00e9es, taill\u00e9es et nettoy\u00e9es pour qu&rsquo;elles restent saines et belles toute l&rsquo;ann\u00e9e. Nous pouvons \u00e9galement vous conseiller sur les plantes les mieux adapt\u00e9es \u00e0 votre espace de travail en fonction de la lumi\u00e8re, de l&rsquo;humidit\u00e9 et de la temp\u00e9rature.<br><\/p><\/div><\/div>\n<\/div><\/div>\n<\/div><\/div><\/div>\n\n\n\n<div class=\"wp-block-qubely-row alignfull qubely-section qubely-block-317b5e\"><div class=\"qubely-row-overlay\"><\/div><div class=\"qubely-container\"><div class=\"qubely-row \">\n<div class=\"wp-block-qubely-column qubely-column qubely-column-front qubely-block-a65351\"><div class=\"qubely-column-inner\">\n<div class=\"wp-block-qubely-heading aligncenter qubely-block-786efd\" id=\"6-un-expert-vous-r%C3%A9ponds\"><div class=\"qubely-block-heading  \"><div class=\"qubely-heading-container\"><h2 class=\"qubely-heading-selector\"><strong>Un expert vous r\u00e9ponds<\/strong><\/h2><\/div><\/div><\/div>\n\n\n\n<p class=\"wp-block-paragraph\"><\/p>\n\n\n\n<div class=\"wp-block-qubely-button qubely-block-5055c9\"><div class=\"qubely-block-btn-wrapper \"><div class=\"qubely-block-btn\"><a class=\"qubely-block-btn-anchor is-large\" href=\"https:\/\/www.clarum-services.com\/index.php\/contact-2\/\">Contactez-nous<\/a><\/div><\/div><\/div>\n<\/div><\/div>\n<\/div><\/div><\/div>\n\n\n\n<div class=\"wp-block-columns is-layout-flex wp-container-core-columns-is-layout-995f960e wp-block-columns-is-layout-flex\">\n<div class=\"wp-block-column is-layout-flow wp-block-column-is-layout-flow\" style=\"flex-basis:100%\"><\/div>\n<\/div>\n\n\n\n<div class=\"wp-block-qubely-row qubely-section qubely-block-9d247d\"><div class=\"qubely-row-overlay\"><\/div><div class=\"qubely-container\"><div class=\"qubely-row \">\n<div class=\"wp-block-qubely-column qubely-column qubely-column-front qubely-block-752123\"><div class=\"qubely-column-inner\"><\/div><\/div>\n<\/div><\/div><\/div>\n","protected":false},"excerpt":{"rendered":"<p>La v\u00e9g\u00e9talisation des espaces de travail est de plus en plus populaire, et ce n&rsquo;est pas surprenant. Les plantes ajoutent de la couleur, de la texture et de la vie aux bureaux, tout en offrant de nombreux avantages pour la sant\u00e9 et le bien-\u00eatre des occupants.<\/p>\n","protected":false},"author":1,"featured_media":1662,"comment_status":"closed","ping_status":"open","sticky":false,"template":"","format":"standard","meta":{"qubely_global_settings":"","qubely_interactions":"","_monsterinsights_skip_tracking":false,"footnotes":""},"categories":[10],"tags":[],"class_list":["post-1659","post","type-post","status-publish","format-standard","has-post-thumbnail","hentry","category-le-saviez-vous"],"blocksy_meta":{"styles_descriptor":{"styles":{"desktop":"","tablet":"","mobile":""},"google_fonts":[],"version":6}},"qubely_featured_image_url":{"full":["https:\/\/www.clarum-services.com\/wp-content\/uploads\/2023\/05\/a_beautiful_modern_openspace_type_workspace_where__907509f9-f6c6-48f8-b76f-b91dda2b6dd1.png",1024,1024,false],"landscape":["https:\/\/www.clarum-services.com\/wp-content\/uploads\/2023\/05\/a_beautiful_modern_openspace_type_workspace_where__907509f9-f6c6-48f8-b76f-b91dda2b6dd1-1024x750.png",1024,750,true],"portraits":["https:\/\/www.clarum-services.com\/wp-content\/uploads\/2023\/05\/a_beautiful_modern_openspace_type_workspace_where__907509f9-f6c6-48f8-b76f-b91dda2b6dd1-540x320.png",540,320,true],"thumbnail":["https:\/\/www.clarum-services.com\/wp-content\/uploads\/2023\/05\/a_beautiful_modern_openspace_type_workspace_where__907509f9-f6c6-48f8-b76f-b91dda2b6dd1-150x150.png",150,150,true],"medium":["https:\/\/www.clarum-services.com\/wp-content\/uploads\/2023\/05\/a_beautiful_modern_openspace_type_workspace_where__907509f9-f6c6-48f8-b76f-b91dda2b6dd1-300x300.png",300,300,true],"medium_large":["https:\/\/www.clarum-services.com\/wp-content\/uploads\/2023\/05\/a_beautiful_modern_openspace_type_workspace_where__907509f9-f6c6-48f8-b76f-b91dda2b6dd1-768x768.png",768,768,true],"large":["https:\/\/www.clarum-services.com\/wp-content\/uploads\/2023\/05\/a_beautiful_modern_openspace_type_workspace_where__907509f9-f6c6-48f8-b76f-b91dda2b6dd1.png",1024,1024,false],"1536x1536":["https:\/\/www.clarum-services.com\/wp-content\/uploads\/2023\/05\/a_beautiful_modern_openspace_type_workspace_where__907509f9-f6c6-48f8-b76f-b91dda2b6dd1.png",1024,1024,false],"2048x2048":["https:\/\/www.clarum-services.com\/wp-content\/uploads\/2023\/05\/a_beautiful_modern_openspace_type_workspace_where__907509f9-f6c6-48f8-b76f-b91dda2b6dd1.png",1024,1024,false],"qubely_landscape":["https:\/\/www.clarum-services.com\/wp-content\/uploads\/2023\/05\/a_beautiful_modern_openspace_type_workspace_where__907509f9-f6c6-48f8-b76f-b91dda2b6dd1-1024x750.png",1024,750,true],"qubely_portrait":["https:\/\/www.clarum-services.com\/wp-content\/uploads\/2023\/05\/a_beautiful_modern_openspace_type_workspace_where__907509f9-f6c6-48f8-b76f-b91dda2b6dd1-540x320.png",540,320,true],"qubely_thumbnail":["https:\/\/www.clarum-services.com\/wp-content\/uploads\/2023\/05\/a_beautiful_modern_openspace_type_workspace_where__907509f9-f6c6-48f8-b76f-b91dda2b6dd1-140x100.png",140,100,true]},"qubely_author":{"display_name":"Pouchon","author_link":"https:\/\/www.clarum-services.com\/index.php\/author\/pouchon\/"},"qubely_comment":0,"qubely_category":"<a href=\"https:\/\/www.clarum-services.com\/index.php\/category\/news\/le-saviez-vous\/\" rel=\"category tag\">Le saviez-vous<\/a>","qubely_excerpt":"La v\u00e9g\u00e9talisation des espaces de travail est de plus en plus populaire, et ce n'est pas surprenant. Les plantes ajoutent de la couleur, de la texture et de la vie aux bureaux, tout en offrant de nombreux avantages pour la sant\u00e9 et le bien-\u00eatre des occupants.","yoast_head":"<!-- This site is optimized with the Yoast SEO plugin v28.3 - https:\/\/yoast.com\/product\/yoast-seo-wordpress\/ -->\n<title>La v\u00e9g\u00e9talisation des espaces de travail - Clarum Services<\/title>\n<meta name=\"robots\" content=\"index, follow, max-snippet:-1, max-image-preview:large, max-video-preview:-1\" \/>\n<link rel=\"canonical\" href=\"https:\/\/www.clarum-services.com\/index.php\/2023\/05\/09\/la-vegetalisation-des-espaces-de-travail\/\" \/>\n<meta property=\"og:locale\" content=\"fr_FR\" \/>\n<meta property=\"og:type\" content=\"article\" \/>\n<meta property=\"og:title\" content=\"La v\u00e9g\u00e9talisation des espaces de travail - Clarum Services\" \/>\n<meta property=\"og:description\" content=\"La v\u00e9g\u00e9talisation des espaces de travail est de plus en plus populaire, et ce n&#039;est pas surprenant. Les plantes ajoutent de la couleur, de la texture et de la vie aux bureaux, tout en offrant de nombreux avantages pour la sant\u00e9 et le bien-\u00eatre des occupants.\" \/>\n<meta property=\"og:url\" content=\"https:\/\/www.clarum-services.com\/index.php\/2023\/05\/09\/la-vegetalisation-des-espaces-de-travail\/\" \/>\n<meta property=\"og:site_name\" content=\"Clarum Services\" \/>\n<meta property=\"article:published_time\" content=\"2023-05-09T16:58:11+00:00\" \/>\n<meta property=\"article:modified_time\" content=\"2023-05-09T17:58:16+00:00\" \/>\n<meta property=\"og:image\" content=\"https:\/\/www.clarum-services.com\/wp-content\/uploads\/2023\/05\/a_beautiful_modern_openspace_type_workspace_where__907509f9-f6c6-48f8-b76f-b91dda2b6dd1.png\" \/>\n\t<meta property=\"og:image:width\" content=\"1024\" \/>\n\t<meta property=\"og:image:height\" content=\"1024\" \/>\n\t<meta property=\"og:image:type\" content=\"image\/png\" \/>\n<meta name=\"author\" content=\"Pouchon\" \/>\n<meta name=\"twitter:card\" content=\"summary_large_image\" \/>\n<meta name=\"twitter:label1\" content=\"\u00c9crit par\" \/>\n\t<meta name=\"twitter:data1\" content=\"Pouchon\" \/>\n\t<meta name=\"twitter:label2\" content=\"Dur\u00e9e de lecture estim\u00e9e\" \/>\n\t<meta name=\"twitter:data2\" content=\"6 minutes\" \/>\n<script type=\"application\/ld+json\" class=\"yoast-schema-graph\">{\"@context\":\"https:\\\/\\\/schema.org\",\"@graph\":[{\"@type\":\"Article\",\"@id\":\"https:\\\/\\\/www.clarum-services.com\\\/index.php\\\/2023\\\/05\\\/09\\\/la-vegetalisation-des-espaces-de-travail\\\/#article\",\"isPartOf\":{\"@id\":\"https:\\\/\\\/www.clarum-services.com\\\/index.php\\\/2023\\\/05\\\/09\\\/la-vegetalisation-des-espaces-de-travail\\\/\"},\"author\":{\"name\":\"Pouchon\",\"@id\":\"https:\\\/\\\/www.clarum-services.com\\\/#\\\/schema\\\/person\\\/e590291ab37829d6b633eb05da9ca250\"},\"headline\":\"La v\u00e9g\u00e9talisation des espaces de travail\",\"datePublished\":\"2023-05-09T16:58:11+00:00\",\"dateModified\":\"2023-05-09T17:58:16+00:00\",\"mainEntityOfPage\":{\"@id\":\"https:\\\/\\\/www.clarum-services.com\\\/index.php\\\/2023\\\/05\\\/09\\\/la-vegetalisation-des-espaces-de-travail\\\/\"},\"wordCount\":958,\"publisher\":{\"@id\":\"https:\\\/\\\/www.clarum-services.com\\\/#organization\"},\"image\":{\"@id\":\"https:\\\/\\\/www.clarum-services.com\\\/index.php\\\/2023\\\/05\\\/09\\\/la-vegetalisation-des-espaces-de-travail\\\/#primaryimage\"},\"thumbnailUrl\":\"https:\\\/\\\/www.clarum-services.com\\\/wp-content\\\/uploads\\\/2023\\\/05\\\/a_beautiful_modern_openspace_type_workspace_where__907509f9-f6c6-48f8-b76f-b91dda2b6dd1.png\",\"articleSection\":[\"Le saviez-vous\"],\"inLanguage\":\"fr-FR\"},{\"@type\":\"WebPage\",\"@id\":\"https:\\\/\\\/www.clarum-services.com\\\/index.php\\\/2023\\\/05\\\/09\\\/la-vegetalisation-des-espaces-de-travail\\\/\",\"url\":\"https:\\\/\\\/www.clarum-services.com\\\/index.php\\\/2023\\\/05\\\/09\\\/la-vegetalisation-des-espaces-de-travail\\\/\",\"name\":\"La v\u00e9g\u00e9talisation des espaces de travail - Clarum Services\",\"isPartOf\":{\"@id\":\"https:\\\/\\\/www.clarum-services.com\\\/#website\"},\"primaryImageOfPage\":{\"@id\":\"https:\\\/\\\/www.clarum-services.com\\\/index.php\\\/2023\\\/05\\\/09\\\/la-vegetalisation-des-espaces-de-travail\\\/#primaryimage\"},\"image\":{\"@id\":\"https:\\\/\\\/www.clarum-services.com\\\/index.php\\\/2023\\\/05\\\/09\\\/la-vegetalisation-des-espaces-de-travail\\\/#primaryimage\"},\"thumbnailUrl\":\"https:\\\/\\\/www.clarum-services.com\\\/wp-content\\\/uploads\\\/2023\\\/05\\\/a_beautiful_modern_openspace_type_workspace_where__907509f9-f6c6-48f8-b76f-b91dda2b6dd1.png\",\"datePublished\":\"2023-05-09T16:58:11+00:00\",\"dateModified\":\"2023-05-09T17:58:16+00:00\",\"breadcrumb\":{\"@id\":\"https:\\\/\\\/www.clarum-services.com\\\/index.php\\\/2023\\\/05\\\/09\\\/la-vegetalisation-des-espaces-de-travail\\\/#breadcrumb\"},\"inLanguage\":\"fr-FR\",\"potentialAction\":[{\"@type\":\"ReadAction\",\"target\":[\"https:\\\/\\\/www.clarum-services.com\\\/index.php\\\/2023\\\/05\\\/09\\\/la-vegetalisation-des-espaces-de-travail\\\/\"]}]},{\"@type\":\"ImageObject\",\"inLanguage\":\"fr-FR\",\"@id\":\"https:\\\/\\\/www.clarum-services.com\\\/index.php\\\/2023\\\/05\\\/09\\\/la-vegetalisation-des-espaces-de-travail\\\/#primaryimage\",\"url\":\"https:\\\/\\\/www.clarum-services.com\\\/wp-content\\\/uploads\\\/2023\\\/05\\\/a_beautiful_modern_openspace_type_workspace_where__907509f9-f6c6-48f8-b76f-b91dda2b6dd1.png\",\"contentUrl\":\"https:\\\/\\\/www.clarum-services.com\\\/wp-content\\\/uploads\\\/2023\\\/05\\\/a_beautiful_modern_openspace_type_workspace_where__907509f9-f6c6-48f8-b76f-b91dda2b6dd1.png\",\"width\":1024,\"height\":1024},{\"@type\":\"BreadcrumbList\",\"@id\":\"https:\\\/\\\/www.clarum-services.com\\\/index.php\\\/2023\\\/05\\\/09\\\/la-vegetalisation-des-espaces-de-travail\\\/#breadcrumb\",\"itemListElement\":[{\"@type\":\"ListItem\",\"position\":1,\"name\":\"Accueil\",\"item\":\"https:\\\/\\\/www.clarum-services.com\\\/\"},{\"@type\":\"ListItem\",\"position\":2,\"name\":\"La v\u00e9g\u00e9talisation des espaces de travail\"}]},{\"@type\":\"WebSite\",\"@id\":\"https:\\\/\\\/www.clarum-services.com\\\/#website\",\"url\":\"https:\\\/\\\/www.clarum-services.com\\\/\",\"name\":\"Clarum Services\",\"description\":\"La force du service\",\"publisher\":{\"@id\":\"https:\\\/\\\/www.clarum-services.com\\\/#organization\"},\"potentialAction\":[{\"@type\":\"SearchAction\",\"target\":{\"@type\":\"EntryPoint\",\"urlTemplate\":\"https:\\\/\\\/www.clarum-services.com\\\/?s={search_term_string}\"},\"query-input\":{\"@type\":\"PropertyValueSpecification\",\"valueRequired\":true,\"valueName\":\"search_term_string\"}}],\"inLanguage\":\"fr-FR\"},{\"@type\":\"Organization\",\"@id\":\"https:\\\/\\\/www.clarum-services.com\\\/#organization\",\"name\":\"Clarum Services\",\"url\":\"https:\\\/\\\/www.clarum-services.com\\\/\",\"logo\":{\"@type\":\"ImageObject\",\"inLanguage\":\"fr-FR\",\"@id\":\"https:\\\/\\\/www.clarum-services.com\\\/#\\\/schema\\\/logo\\\/image\\\/\",\"url\":\"https:\\\/\\\/www.clarum-services.com\\\/wp-content\\\/uploads\\\/2021\\\/06\\\/petit_logo1_noir.png\",\"contentUrl\":\"https:\\\/\\\/www.clarum-services.com\\\/wp-content\\\/uploads\\\/2021\\\/06\\\/petit_logo1_noir.png\",\"width\":1240,\"height\":874,\"caption\":\"Clarum Services\"},\"image\":{\"@id\":\"https:\\\/\\\/www.clarum-services.com\\\/#\\\/schema\\\/logo\\\/image\\\/\"}},{\"@type\":\"Person\",\"@id\":\"https:\\\/\\\/www.clarum-services.com\\\/#\\\/schema\\\/person\\\/e590291ab37829d6b633eb05da9ca250\",\"name\":\"Pouchon\",\"image\":{\"@type\":\"ImageObject\",\"inLanguage\":\"fr-FR\",\"@id\":\"https:\\\/\\\/secure.gravatar.com\\\/avatar\\\/2b32a61f1edd4c39add956dd02a964a7f3d8ad49f0481d0ea75c0a3f1826c2a2?s=96&d=mm&r=g\",\"url\":\"https:\\\/\\\/secure.gravatar.com\\\/avatar\\\/2b32a61f1edd4c39add956dd02a964a7f3d8ad49f0481d0ea75c0a3f1826c2a2?s=96&d=mm&r=g\",\"contentUrl\":\"https:\\\/\\\/secure.gravatar.com\\\/avatar\\\/2b32a61f1edd4c39add956dd02a964a7f3d8ad49f0481d0ea75c0a3f1826c2a2?s=96&d=mm&r=g\",\"caption\":\"Pouchon\"},\"sameAs\":[\"http:\\\/\\\/localhost\\\/Clarum%20Services%20WP\"],\"url\":\"https:\\\/\\\/www.clarum-services.com\\\/index.php\\\/author\\\/pouchon\\\/\"}]}<\/script>\n<!-- \/ Yoast SEO plugin. -->","yoast_head_json":{"title":"La v\u00e9g\u00e9talisation des espaces de travail - Clarum Services","robots":{"index":"index","follow":"follow","max-snippet":"max-snippet:-1","max-image-preview":"max-image-preview:large","max-video-preview":"max-video-preview:-1"},"canonical":"https:\/\/www.clarum-services.com\/index.php\/2023\/05\/09\/la-vegetalisation-des-espaces-de-travail\/","og_locale":"fr_FR","og_type":"article","og_title":"La v\u00e9g\u00e9talisation des espaces de travail - Clarum Services","og_description":"La v\u00e9g\u00e9talisation des espaces de travail est de plus en plus populaire, et ce n'est pas surprenant. Les plantes ajoutent de la couleur, de la texture et de la vie aux bureaux, tout en offrant de nombreux avantages pour la sant\u00e9 et le bien-\u00eatre des occupants.","og_url":"https:\/\/www.clarum-services.com\/index.php\/2023\/05\/09\/la-vegetalisation-des-espaces-de-travail\/","og_site_name":"Clarum Services","article_published_time":"2023-05-09T16:58:11+00:00","article_modified_time":"2023-05-09T17:58:16+00:00","og_image":[{"width":1024,"height":1024,"url":"https:\/\/www.clarum-services.com\/wp-content\/uploads\/2023\/05\/a_beautiful_modern_openspace_type_workspace_where__907509f9-f6c6-48f8-b76f-b91dda2b6dd1.png","type":"image\/png"}],"author":"Pouchon","twitter_card":"summary_large_image","twitter_misc":{"\u00c9crit par":"Pouchon","Dur\u00e9e de lecture estim\u00e9e":"6 minutes"},"schema":{"@context":"https:\/\/schema.org","@graph":[{"@type":"Article","@id":"https:\/\/www.clarum-services.com\/index.php\/2023\/05\/09\/la-vegetalisation-des-espaces-de-travail\/#article","isPartOf":{"@id":"https:\/\/www.clarum-services.com\/index.php\/2023\/05\/09\/la-vegetalisation-des-espaces-de-travail\/"},"author":{"name":"Pouchon","@id":"https:\/\/www.clarum-services.com\/#\/schema\/person\/e590291ab37829d6b633eb05da9ca250"},"headline":"La v\u00e9g\u00e9talisation des espaces de travail","datePublished":"2023-05-09T16:58:11+00:00","dateModified":"2023-05-09T17:58:16+00:00","mainEntityOfPage":{"@id":"https:\/\/www.clarum-services.com\/index.php\/2023\/05\/09\/la-vegetalisation-des-espaces-de-travail\/"},"wordCount":958,"publisher":{"@id":"https:\/\/www.clarum-services.com\/#organization"},"image":{"@id":"https:\/\/www.clarum-services.com\/index.php\/2023\/05\/09\/la-vegetalisation-des-espaces-de-travail\/#primaryimage"},"thumbnailUrl":"https:\/\/www.clarum-services.com\/wp-content\/uploads\/2023\/05\/a_beautiful_modern_openspace_type_workspace_where__907509f9-f6c6-48f8-b76f-b91dda2b6dd1.png","articleSection":["Le saviez-vous"],"inLanguage":"fr-FR"},{"@type":"WebPage","@id":"https:\/\/www.clarum-services.com\/index.php\/2023\/05\/09\/la-vegetalisation-des-espaces-de-travail\/","url":"https:\/\/www.clarum-services.com\/index.php\/2023\/05\/09\/la-vegetalisation-des-espaces-de-travail\/","name":"La v\u00e9g\u00e9talisation des espaces de travail - Clarum Services","isPartOf":{"@id":"https:\/\/www.clarum-services.com\/#website"},"primaryImageOfPage":{"@id":"https:\/\/www.clarum-services.com\/index.php\/2023\/05\/09\/la-vegetalisation-des-espaces-de-travail\/#primaryimage"},"image":{"@id":"https:\/\/www.clarum-services.com\/index.php\/2023\/05\/09\/la-vegetalisation-des-espaces-de-travail\/#primaryimage"},"thumbnailUrl":"https:\/\/www.clarum-services.com\/wp-content\/uploads\/2023\/05\/a_beautiful_modern_openspace_type_workspace_where__907509f9-f6c6-48f8-b76f-b91dda2b6dd1.png","datePublished":"2023-05-09T16:58:11+00:00","dateModified":"2023-05-09T17:58:16+00:00","breadcrumb":{"@id":"https:\/\/www.clarum-services.com\/index.php\/2023\/05\/09\/la-vegetalisation-des-espaces-de-travail\/#breadcrumb"},"inLanguage":"fr-FR","potentialAction":[{"@type":"ReadAction","target":["https:\/\/www.clarum-services.com\/index.php\/2023\/05\/09\/la-vegetalisation-des-espaces-de-travail\/"]}]},{"@type":"ImageObject","inLanguage":"fr-FR","@id":"https:\/\/www.clarum-services.com\/index.php\/2023\/05\/09\/la-vegetalisation-des-espaces-de-travail\/#primaryimage","url":"https:\/\/www.clarum-services.com\/wp-content\/uploads\/2023\/05\/a_beautiful_modern_openspace_type_workspace_where__907509f9-f6c6-48f8-b76f-b91dda2b6dd1.png","contentUrl":"https:\/\/www.clarum-services.com\/wp-content\/uploads\/2023\/05\/a_beautiful_modern_openspace_type_workspace_where__907509f9-f6c6-48f8-b76f-b91dda2b6dd1.png","width":1024,"height":1024},{"@type":"BreadcrumbList","@id":"https:\/\/www.clarum-services.com\/index.php\/2023\/05\/09\/la-vegetalisation-des-espaces-de-travail\/#breadcrumb","itemListElement":[{"@type":"ListItem","position":1,"name":"Accueil","item":"https:\/\/www.clarum-services.com\/"},{"@type":"ListItem","position":2,"name":"La v\u00e9g\u00e9talisation des espaces de travail"}]},{"@type":"WebSite","@id":"https:\/\/www.clarum-services.com\/#website","url":"https:\/\/www.clarum-services.com\/","name":"Clarum Services","description":"La force du service","publisher":{"@id":"https:\/\/www.clarum-services.com\/#organization"},"potentialAction":[{"@type":"SearchAction","target":{"@type":"EntryPoint","urlTemplate":"https:\/\/www.clarum-services.com\/?s={search_term_string}"},"query-input":{"@type":"PropertyValueSpecification","valueRequired":true,"valueName":"search_term_string"}}],"inLanguage":"fr-FR"},{"@type":"Organization","@id":"https:\/\/www.clarum-services.com\/#organization","name":"Clarum Services","url":"https:\/\/www.clarum-services.com\/","logo":{"@type":"ImageObject","inLanguage":"fr-FR","@id":"https:\/\/www.clarum-services.com\/#\/schema\/logo\/image\/","url":"https:\/\/www.clarum-services.com\/wp-content\/uploads\/2021\/06\/petit_logo1_noir.png","contentUrl":"https:\/\/www.clarum-services.com\/wp-content\/uploads\/2021\/06\/petit_logo1_noir.png","width":1240,"height":874,"caption":"Clarum Services"},"image":{"@id":"https:\/\/www.clarum-services.com\/#\/schema\/logo\/image\/"}},{"@type":"Person","@id":"https:\/\/www.clarum-services.com\/#\/schema\/person\/e590291ab37829d6b633eb05da9ca250","name":"Pouchon","image":{"@type":"ImageObject","inLanguage":"fr-FR","@id":"https:\/\/secure.gravatar.com\/avatar\/2b32a61f1edd4c39add956dd02a964a7f3d8ad49f0481d0ea75c0a3f1826c2a2?s=96&d=mm&r=g","url":"https:\/\/secure.gravatar.com\/avatar\/2b32a61f1edd4c39add956dd02a964a7f3d8ad49f0481d0ea75c0a3f1826c2a2?s=96&d=mm&r=g","contentUrl":"https:\/\/secure.gravatar.com\/avatar\/2b32a61f1edd4c39add956dd02a964a7f3d8ad49f0481d0ea75c0a3f1826c2a2?s=96&d=mm&r=g","caption":"Pouchon"},"sameAs":["http:\/\/localhost\/Clarum%20Services%20WP"],"url":"https:\/\/www.clarum-services.com\/index.php\/author\/pouchon\/"}]}},"_links":{"self":[{"href":"https:\/\/www.clarum-services.com\/index.php\/wp-json\/wp\/v2\/posts\/1659","targetHints":{"allow":["GET"]}}],"collection":[{"href":"https:\/\/www.clarum-services.com\/index.php\/wp-json\/wp\/v2\/posts"}],"about":[{"href":"https:\/\/www.clarum-services.com\/index.php\/wp-json\/wp\/v2\/types\/post"}],"author":[{"embeddable":true,"href":"https:\/\/www.clarum-services.com\/index.php\/wp-json\/wp\/v2\/users\/1"}],"replies":[{"embeddable":true,"href":"https:\/\/www.clarum-services.com\/index.php\/wp-json\/wp\/v2\/comments?post=1659"}],"version-history":[{"count":22,"href":"https:\/\/www.clarum-services.com\/index.php\/wp-json\/wp\/v2\/posts\/1659\/revisions"}],"predecessor-version":[{"id":1697,"href":"https:\/\/www.clarum-services.com\/index.php\/wp-json\/wp\/v2\/posts\/1659\/revisions\/1697"}],"wp:featuredmedia":[{"embeddable":true,"href":"https:\/\/www.clarum-services.com\/index.php\/wp-json\/wp\/v2\/media\/1662"}],"wp:attachment":[{"href":"https:\/\/www.clarum-services.com\/index.php\/wp-json\/wp\/v2\/media?parent=1659"}],"wp:term":[{"taxonomy":"category","embeddable":true,"href":"https:\/\/www.clarum-services.com\/index.php\/wp-json\/wp\/v2\/categories?post=1659"},{"taxonomy":"post_tag","embeddable":true,"href":"https:\/\/www.clarum-services.com\/index.php\/wp-json\/wp\/v2\/tags?post=1659"}],"curies":[{"name":"wp","href":"https:\/\/api.w.org\/{rel}","templated":true}]}}